{"id":14,"date":"2021-07-14T10:27:03","date_gmt":"2021-07-14T08:27:03","guid":{"rendered":"https:\/\/relevantfilm.clusterzone.de\/?p=14"},"modified":"2026-04-21T20:32:11","modified_gmt":"2026-04-21T18:32:11","slug":"erfolgreich-ausgestrahlt-so-laut-du-kannst","status":"publish","type":"post","link":"https:\/\/relevantfilm.de\/?p=14","title":{"rendered":"Erfolgreich ausgestrahlt: &#8218;So laut du kannst&#8216;"},"content":{"rendered":"<p>Erstausstrahlung am Montag, 14. November um 20:15 Uhr im ZDF und ab Samstag, 05. November in der ZDF Mediathek!<\/p>\n<p><!--more--><\/p>\n\n\n<p>Esther Bialas inszenierte den Fernsehfilm mit Friederike Becht und Nina Gummich in den Hauptrollen nach dem Drehbuch von Sophia Krapoth, Isabel Kleefeld, Lilly Bogenberger und David Weichelt. Verantwortliche Redakteurin beim ZDF ist Esther Hechenberger.<\/p>\n\n\n\n<p>Als die junge Maja nach einem Wirtschafts-Event Opfer einer Vergewaltigung wird, beginnt ihre Freundin Kim Nachforschungen anzustellen.<\/p>\n\n\n\n<p>Die Freundinnen Kim <strong>(Friederike Becht)<\/strong> und Maja <strong>(Nina Gummich)<\/strong> jobben als Hostessen beim \u201eGentlemen\u2019s Evening\u201c, einer exklusiv allj\u00e4hrlich stattfindenden Veranstaltung der Wirtschaftselite. Dort trifft Kim ihren alten Schulfreund Max <strong>(Jan Krauter)<\/strong>, der sie nach dem Event nach Hause bringt, w\u00e4hrend Maja noch einen Absacker an der Bar trinkt.<\/p>\n\n\n\n<p>Am n\u00e4chsten Tag ist nichts mehr wie zuvor. Maja wacht orientierungslos und nackt in einem Hotelzimmer auf. Die Anzeige der Vergewaltigung l\u00e4uft ins Leere. W\u00e4hrend Maja am liebsten vergessen und ihr altes \u201eLeben zur\u00fcckhaben\u201c m\u00f6chte, will sich Kim damit nicht abfinden und beginnt auf eigene Faust zu ermitteln. Im Umfeld des illustren M\u00e4nnerclubs st\u00f6\u00dft sie auf weitere Vorf\u00e4lle und ein sich gegenseitig sch\u00fctzendes Geflecht aus Beziehungen und Mitwissern. Kim kommt all dem n\u00e4her, als sie denkt\u2026<\/p>\n\n\n\n<p><em>\u201eSo laut du kannst\u201c ist ein Film, deren Macherinnen sich trotz eines mutmachenden Ausblicks im Gegensatz zu den h\u00e4ufig auf Rache oder blau\u00e4ugige L\u00f6sungen fixierten Vergewaltigungs-Plots aus Hollywood der bitteren Wirklichkeit verschrieben haben. (\u2026)<\/em><\/p>\n\n\n\n<p><em>Der Film, von wahren Ereignissen aus England inspiriert, ist dramaturgisch dicht, narrativ komplex und hat auch film\u00e4sthetisch viel zu bieten.<br>(<\/em><a href=\"http:\/\/www.tittelbach.tv\/programm\/fernsehfilm\/artikel-6190.html\"><em>Rainer Tittelbach<\/em><\/a><em>)<\/em><\/p>\n\n\n\n<p><strong>Cast: Nina Gummich, Friederike Becht, Jan Krauter, Ulrich Brandhoff, Morgane Ferru, Stella Sp\u00f6rrle, Marcel Hensema, Gesine Cukrowski, Peter Lohmeyer u.a.<\/strong><\/p>\n\n\n\n<p><strong>Team:<\/strong> Casting <strong>Marion Haack<\/strong> | Kamera <strong>Martin Neumeyer<\/strong>| Szenenbild <strong>Jan Lasse Hartmann<\/strong> | Kost\u00fcm <strong>Elisabeth Kesten<\/strong> | Maske <strong>Pia Paprzik, Friederike Harder<\/strong> | Schnitt <strong>Anton Kornd\u00f6rfer<\/strong> | Komponist <strong>Marco Dreckk\u00f6tter<\/strong> | Produktionsleitung <strong>Peter Nawrotzki<\/strong> | Producerin <strong>Paula Lichte<\/strong> | Produzentin <strong>Heike Wiehle-Timm<\/strong><\/p>\n\n\n\n<p>Die Dreharbeiten fanden im Juli 2021 in Hamburg statt.<\/p>\n\n\n\n<p><strong>Preise I Festivals<\/strong><\/p>\n\n\n\n<p>Bernd Burgemeister Preis f\u00fcr herausragende Produzentenleistung \u2013 Filmfest M\u00fcnchen 2022<\/p>\n\n\n\n<p>Fernsehbiber f\u00fcr den besten TV Film \u2013 44. Biberacher Filmfestspiele 2022<\/p>\n\n\n\n<p>Festival des deutschen Films in Ludwigshafen am Rhein, 2022<\/p>\n\n\n\n<p class=\"has-small-font-size\"><strong>Bildnachweis<\/strong> I \u201aSo laut du kannst\u2018 \u00a9 ZDF I Marion von der Mehden<\/p>\n","protected":false},"excerpt":{"rendered":"<p>Erstausstrahlung am Montag, 14. November um 20:15 Uhr im ZDF und ab Samstag, 05. November in der ZDF Mediathek!<\/p>\n","protected":false},"author":3,"featured_media":1816,"comment_status":"closed","ping_status":"closed","sticky":false,"template":"","format":"standard","meta":{"_acf_changed":false,"footnotes":""},"categories":[23],"tags":[],"post_flags":[],"class_list":["post-14","post","type-post","status-publish","format-standard","has-post-thumbnail","hentry","category-aktueller-film"],"acf":[],"yoast_head":"<!-- This site is optimized with the Yoast SEO plugin v27.5 - https:\/\/yoast.com\/product\/yoast-seo-wordpress\/ -->\n<title>Erfolgreich ausgestrahlt: &#039;So laut du kannst&#039; - Relevant Film<\/title>\n<meta name=\"robots\" content=\"index, follow, max-snippet:-1, max-image-preview:large, max-video-preview:-1\" \/>\n<link rel=\"canonical\" href=\"https:\/\/relevantfilm.de\/?p=14\" \/>\n<meta property=\"og:locale\" content=\"de_DE\" \/>\n<meta property=\"og:type\" content=\"article\" \/>\n<meta property=\"og:title\" content=\"Erfolgreich ausgestrahlt: &#039;So laut du kannst&#039; - Relevant Film\" \/>\n<meta property=\"og:description\" content=\"Erstausstrahlung am Montag, 14. November um 20:15 Uhr im ZDF und ab Samstag, 05. November in der ZDF Mediathek!\" \/>\n<meta property=\"og:url\" content=\"https:\/\/relevantfilm.de\/?p=14\" \/>\n<meta property=\"og:site_name\" content=\"Relevant Film\" \/>\n<meta property=\"article:published_time\" content=\"2021-07-14T08:27:03+00:00\" \/>\n<meta property=\"article:modified_time\" content=\"2026-04-21T18:32:11+00:00\" \/>\n<meta property=\"og:image\" content=\"https:\/\/relevantfilm.de\/wp-content\/uploads\/2023\/03\/Banner-Erfolgreich-ausgestrahlt_So-laut-du-kannst-e1679806917366.jpg\" \/>\n\t<meta property=\"og:image:width\" content=\"2560\" \/>\n\t<meta property=\"og:image:height\" content=\"825\" \/>\n\t<meta property=\"og:image:type\" content=\"image\/jpeg\" \/>\n<meta name=\"author\" content=\"Judica Schrammeck\" \/>\n<meta name=\"twitter:card\" content=\"summary_large_image\" \/>\n<meta name=\"twitter:label1\" content=\"Verfasst von\" \/>\n\t<meta name=\"twitter:data1\" content=\"Judica Schrammeck\" \/>\n\t<meta name=\"twitter:label2\" content=\"Gesch\u00e4tzte Lesezeit\" \/>\n\t<meta name=\"twitter:data2\" content=\"2\u00a0Minuten\" \/>\n<script type=\"application\/ld+json\" class=\"yoast-schema-graph\">{\"@context\":\"https:\\\/\\\/schema.org\",\"@graph\":[{\"@type\":\"Article\",\"@id\":\"https:\\\/\\\/relevantfilm.de\\\/?p=14#article\",\"isPartOf\":{\"@id\":\"https:\\\/\\\/relevantfilm.de\\\/?p=14\"},\"author\":{\"name\":\"Judica Schrammeck\",\"@id\":\"https:\\\/\\\/relevantfilm.de\\\/#\\\/schema\\\/person\\\/e958a283c85c399b0c52c732f5c60228\"},\"headline\":\"Erfolgreich ausgestrahlt: &#8218;So laut du kannst&#8216;\",\"datePublished\":\"2021-07-14T08:27:03+00:00\",\"dateModified\":\"2026-04-21T18:32:11+00:00\",\"mainEntityOfPage\":{\"@id\":\"https:\\\/\\\/relevantfilm.de\\\/?p=14\"},\"wordCount\":378,\"image\":{\"@id\":\"https:\\\/\\\/relevantfilm.de\\\/?p=14#primaryimage\"},\"thumbnailUrl\":\"https:\\\/\\\/relevantfilm.de\\\/wp-content\\\/uploads\\\/2023\\\/03\\\/Banner-Erfolgreich-ausgestrahlt_So-laut-du-kannst-e1679806917366.jpg\",\"articleSection\":[\"Aktueller Film\"],\"inLanguage\":\"de\"},{\"@type\":\"WebPage\",\"@id\":\"https:\\\/\\\/relevantfilm.de\\\/?p=14\",\"url\":\"https:\\\/\\\/relevantfilm.de\\\/?p=14\",\"name\":\"Erfolgreich ausgestrahlt: 'So laut du kannst' - Relevant Film\",\"isPartOf\":{\"@id\":\"https:\\\/\\\/relevantfilm.de\\\/#website\"},\"primaryImageOfPage\":{\"@id\":\"https:\\\/\\\/relevantfilm.de\\\/?p=14#primaryimage\"},\"image\":{\"@id\":\"https:\\\/\\\/relevantfilm.de\\\/?p=14#primaryimage\"},\"thumbnailUrl\":\"https:\\\/\\\/relevantfilm.de\\\/wp-content\\\/uploads\\\/2023\\\/03\\\/Banner-Erfolgreich-ausgestrahlt_So-laut-du-kannst-e1679806917366.jpg\",\"datePublished\":\"2021-07-14T08:27:03+00:00\",\"dateModified\":\"2026-04-21T18:32:11+00:00\",\"author\":{\"@id\":\"https:\\\/\\\/relevantfilm.de\\\/#\\\/schema\\\/person\\\/e958a283c85c399b0c52c732f5c60228\"},\"breadcrumb\":{\"@id\":\"https:\\\/\\\/relevantfilm.de\\\/?p=14#breadcrumb\"},\"inLanguage\":\"de\",\"potentialAction\":[{\"@type\":\"ReadAction\",\"target\":[\"https:\\\/\\\/relevantfilm.de\\\/?p=14\"]}]},{\"@type\":\"ImageObject\",\"inLanguage\":\"de\",\"@id\":\"https:\\\/\\\/relevantfilm.de\\\/?p=14#primaryimage\",\"url\":\"https:\\\/\\\/relevantfilm.de\\\/wp-content\\\/uploads\\\/2023\\\/03\\\/Banner-Erfolgreich-ausgestrahlt_So-laut-du-kannst-e1679806917366.jpg\",\"contentUrl\":\"https:\\\/\\\/relevantfilm.de\\\/wp-content\\\/uploads\\\/2023\\\/03\\\/Banner-Erfolgreich-ausgestrahlt_So-laut-du-kannst-e1679806917366.jpg\",\"width\":2560,\"height\":825,\"caption\":\"Maja (Nina Gummich), Kim (Friederike Becht),\"},{\"@type\":\"BreadcrumbList\",\"@id\":\"https:\\\/\\\/relevantfilm.de\\\/?p=14#breadcrumb\",\"itemListElement\":[{\"@type\":\"ListItem\",\"position\":1,\"name\":\"Startseite\",\"item\":\"https:\\\/\\\/relevantfilm.de\\\/\"},{\"@type\":\"ListItem\",\"position\":2,\"name\":\"Erfolgreich ausgestrahlt: &#8218;So laut du kannst&#8216;\"}]},{\"@type\":\"WebSite\",\"@id\":\"https:\\\/\\\/relevantfilm.de\\\/#website\",\"url\":\"https:\\\/\\\/relevantfilm.de\\\/\",\"name\":\"Relevant Film\",\"description\":\"Filmproduktion Hamburg\",\"potentialAction\":[{\"@type\":\"SearchAction\",\"target\":{\"@type\":\"EntryPoint\",\"urlTemplate\":\"https:\\\/\\\/relevantfilm.de\\\/?s={search_term_string}\"},\"query-input\":{\"@type\":\"PropertyValueSpecification\",\"valueRequired\":true,\"valueName\":\"search_term_string\"}}],\"inLanguage\":\"de\"},{\"@type\":\"Person\",\"@id\":\"https:\\\/\\\/relevantfilm.de\\\/#\\\/schema\\\/person\\\/e958a283c85c399b0c52c732f5c60228\",\"name\":\"Judica Schrammeck\",\"image\":{\"@type\":\"ImageObject\",\"inLanguage\":\"de\",\"@id\":\"https:\\\/\\\/secure.gravatar.com\\\/avatar\\\/b19e9ce218a797f1052c4030b2e615bf8ee2784409b0cedc8c6e44506f5df67d?s=96&d=mm&r=g\",\"url\":\"https:\\\/\\\/secure.gravatar.com\\\/avatar\\\/b19e9ce218a797f1052c4030b2e615bf8ee2784409b0cedc8c6e44506f5df67d?s=96&d=mm&r=g\",\"contentUrl\":\"https:\\\/\\\/secure.gravatar.com\\\/avatar\\\/b19e9ce218a797f1052c4030b2e615bf8ee2784409b0cedc8c6e44506f5df67d?s=96&d=mm&r=g\",\"caption\":\"Judica Schrammeck\"},\"sameAs\":[\"https:\\\/\\\/relevantfilm.de\\\/\"],\"url\":\"https:\\\/\\\/relevantfilm.de\\\/?author=3\"}]}<\/script>\n<!-- \/ Yoast SEO plugin. -->","yoast_head_json":{"title":"Erfolgreich ausgestrahlt: 'So laut du kannst' - Relevant Film","robots":{"index":"index","follow":"follow","max-snippet":"max-snippet:-1","max-image-preview":"max-image-preview:large","max-video-preview":"max-video-preview:-1"},"canonical":"https:\/\/relevantfilm.de\/?p=14","og_locale":"de_DE","og_type":"article","og_title":"Erfolgreich ausgestrahlt: 'So laut du kannst' - Relevant Film","og_description":"Erstausstrahlung am Montag, 14. November um 20:15 Uhr im ZDF und ab Samstag, 05. November in der ZDF Mediathek!","og_url":"https:\/\/relevantfilm.de\/?p=14","og_site_name":"Relevant Film","article_published_time":"2021-07-14T08:27:03+00:00","article_modified_time":"2026-04-21T18:32:11+00:00","og_image":[{"width":2560,"height":825,"url":"https:\/\/relevantfilm.de\/wp-content\/uploads\/2023\/03\/Banner-Erfolgreich-ausgestrahlt_So-laut-du-kannst-e1679806917366.jpg","type":"image\/jpeg"}],"author":"Judica Schrammeck","twitter_card":"summary_large_image","twitter_misc":{"Verfasst von":"Judica Schrammeck","Gesch\u00e4tzte Lesezeit":"2\u00a0Minuten"},"schema":{"@context":"https:\/\/schema.org","@graph":[{"@type":"Article","@id":"https:\/\/relevantfilm.de\/?p=14#article","isPartOf":{"@id":"https:\/\/relevantfilm.de\/?p=14"},"author":{"name":"Judica Schrammeck","@id":"https:\/\/relevantfilm.de\/#\/schema\/person\/e958a283c85c399b0c52c732f5c60228"},"headline":"Erfolgreich ausgestrahlt: &#8218;So laut du kannst&#8216;","datePublished":"2021-07-14T08:27:03+00:00","dateModified":"2026-04-21T18:32:11+00:00","mainEntityOfPage":{"@id":"https:\/\/relevantfilm.de\/?p=14"},"wordCount":378,"image":{"@id":"https:\/\/relevantfilm.de\/?p=14#primaryimage"},"thumbnailUrl":"https:\/\/relevantfilm.de\/wp-content\/uploads\/2023\/03\/Banner-Erfolgreich-ausgestrahlt_So-laut-du-kannst-e1679806917366.jpg","articleSection":["Aktueller Film"],"inLanguage":"de"},{"@type":"WebPage","@id":"https:\/\/relevantfilm.de\/?p=14","url":"https:\/\/relevantfilm.de\/?p=14","name":"Erfolgreich ausgestrahlt: 'So laut du kannst' - Relevant Film","isPartOf":{"@id":"https:\/\/relevantfilm.de\/#website"},"primaryImageOfPage":{"@id":"https:\/\/relevantfilm.de\/?p=14#primaryimage"},"image":{"@id":"https:\/\/relevantfilm.de\/?p=14#primaryimage"},"thumbnailUrl":"https:\/\/relevantfilm.de\/wp-content\/uploads\/2023\/03\/Banner-Erfolgreich-ausgestrahlt_So-laut-du-kannst-e1679806917366.jpg","datePublished":"2021-07-14T08:27:03+00:00","dateModified":"2026-04-21T18:32:11+00:00","author":{"@id":"https:\/\/relevantfilm.de\/#\/schema\/person\/e958a283c85c399b0c52c732f5c60228"},"breadcrumb":{"@id":"https:\/\/relevantfilm.de\/?p=14#breadcrumb"},"inLanguage":"de","potentialAction":[{"@type":"ReadAction","target":["https:\/\/relevantfilm.de\/?p=14"]}]},{"@type":"ImageObject","inLanguage":"de","@id":"https:\/\/relevantfilm.de\/?p=14#primaryimage","url":"https:\/\/relevantfilm.de\/wp-content\/uploads\/2023\/03\/Banner-Erfolgreich-ausgestrahlt_So-laut-du-kannst-e1679806917366.jpg","contentUrl":"https:\/\/relevantfilm.de\/wp-content\/uploads\/2023\/03\/Banner-Erfolgreich-ausgestrahlt_So-laut-du-kannst-e1679806917366.jpg","width":2560,"height":825,"caption":"Maja (Nina Gummich), Kim (Friederike Becht),"},{"@type":"BreadcrumbList","@id":"https:\/\/relevantfilm.de\/?p=14#breadcrumb","itemListElement":[{"@type":"ListItem","position":1,"name":"Startseite","item":"https:\/\/relevantfilm.de\/"},{"@type":"ListItem","position":2,"name":"Erfolgreich ausgestrahlt: &#8218;So laut du kannst&#8216;"}]},{"@type":"WebSite","@id":"https:\/\/relevantfilm.de\/#website","url":"https:\/\/relevantfilm.de\/","name":"Relevant Film","description":"Filmproduktion Hamburg","potentialAction":[{"@type":"SearchAction","target":{"@type":"EntryPoint","urlTemplate":"https:\/\/relevantfilm.de\/?s={search_term_string}"},"query-input":{"@type":"PropertyValueSpecification","valueRequired":true,"valueName":"search_term_string"}}],"inLanguage":"de"},{"@type":"Person","@id":"https:\/\/relevantfilm.de\/#\/schema\/person\/e958a283c85c399b0c52c732f5c60228","name":"Judica Schrammeck","image":{"@type":"ImageObject","inLanguage":"de","@id":"https:\/\/secure.gravatar.com\/avatar\/b19e9ce218a797f1052c4030b2e615bf8ee2784409b0cedc8c6e44506f5df67d?s=96&d=mm&r=g","url":"https:\/\/secure.gravatar.com\/avatar\/b19e9ce218a797f1052c4030b2e615bf8ee2784409b0cedc8c6e44506f5df67d?s=96&d=mm&r=g","contentUrl":"https:\/\/secure.gravatar.com\/avatar\/b19e9ce218a797f1052c4030b2e615bf8ee2784409b0cedc8c6e44506f5df67d?s=96&d=mm&r=g","caption":"Judica Schrammeck"},"sameAs":["https:\/\/relevantfilm.de\/"],"url":"https:\/\/relevantfilm.de\/?author=3"}]}},"_links":{"self":[{"href":"https:\/\/relevantfilm.de\/index.php?rest_route=\/wp\/v2\/posts\/14","targetHints":{"allow":["GET"]}}],"collection":[{"href":"https:\/\/relevantfilm.de\/index.php?rest_route=\/wp\/v2\/posts"}],"about":[{"href":"https:\/\/relevantfilm.de\/index.php?rest_route=\/wp\/v2\/types\/post"}],"author":[{"embeddable":true,"href":"https:\/\/relevantfilm.de\/index.php?rest_route=\/wp\/v2\/users\/3"}],"replies":[{"embeddable":true,"href":"https:\/\/relevantfilm.de\/index.php?rest_route=%2Fwp%2Fv2%2Fcomments&post=14"}],"version-history":[{"count":7,"href":"https:\/\/relevantfilm.de\/index.php?rest_route=\/wp\/v2\/posts\/14\/revisions"}],"predecessor-version":[{"id":3173,"href":"https:\/\/relevantfilm.de\/index.php?rest_route=\/wp\/v2\/posts\/14\/revisions\/3173"}],"wp:featuredmedia":[{"embeddable":true,"href":"https:\/\/relevantfilm.de\/index.php?rest_route=\/wp\/v2\/media\/1816"}],"wp:attachment":[{"href":"https:\/\/relevantfilm.de\/index.php?rest_route=%2Fwp%2Fv2%2Fmedia&parent=14"}],"wp:term":[{"taxonomy":"category","embeddable":true,"href":"https:\/\/relevantfilm.de\/index.php?rest_route=%2Fwp%2Fv2%2Fcategories&post=14"},{"taxonomy":"post_tag","embeddable":true,"href":"https:\/\/relevantfilm.de\/index.php?rest_route=%2Fwp%2Fv2%2Ftags&post=14"},{"taxonomy":"post_flag","embeddable":true,"href":"https:\/\/relevantfilm.de\/index.php?rest_route=%2Fwp%2Fv2%2Fpost_flags&post=14"}],"curies":[{"name":"wp","href":"https:\/\/api.w.org\/{rel}","templated":true}]}}