{"id":15,"date":"2021-08-31T10:27:03","date_gmt":"2021-08-31T08:27:03","guid":{"rendered":"https:\/\/relevantfilm.clusterzone.de\/?p=15"},"modified":"2026-04-21T20:32:11","modified_gmt":"2026-04-21T18:32:11","slug":"filmfest-muenchen-2022","status":"publish","type":"post","link":"https:\/\/relevantfilm.de\/?p=15","title":{"rendered":"Filmfest M\u00fcnchen 2022"},"content":{"rendered":"<p>\u201aSo laut du kannst\u2018 und \u201aLaufen\u2018 beim Filmfest M\u00fcnchen 2022<\/p>\n<p>Unsere beiden j\u00fcngsten ZDF-Produktionen sind zum Filmfest M\u00fcnchen eingeladen!<\/p>\n<p><!--more--><\/p>\n\n\n<p>Wir freuen uns sehr, dass beide Filme beim diesj\u00e4hrigen Filmfest M\u00fcnchen ihre Premiere haben werden und RELEVANT FILM mit<br>gleich zwei aktuellen, gro\u00dfartigen Produktionen vertreten sein darf!<\/p>\n\n\n\n<p>\u201aSo laut du kannst\u2018 wird am Samstag, 25. Juni um 21 Uhr im Audimax der HFF uraufgef\u00fchrt.<\/p>\n\n\n\n<p>\u201aLaufen\u2018 hat am Montag, 27. Juni um 17:30 Uhr im Gloria Palast Premiere.<\/p>\n\n\n\n<p>Beide Filme sind in der Reihe NEUES DEUTSCHES FERNSEHEN f\u00fcr den Bernd Burgemeister Preis nominiert und werden im Rahmen des Filmfest M\u00fcnchen am Dienstag, 28. Juni um 9:30 Uhr wiederholt.<\/p>\n\n\n\n<p>Weitere Infos finden sich auf der Website des Filmfest M\u00fcnchen.<\/p>\n\n\n\n<p>\u201aSo laut du kannst\u2018 <em>\u201eAufr\u00fcttelndes Psychodrama um Missbrauch und Macht, Recht und Gerechtigkeit.\u201c<\/em><\/p>\n\n\n\n<p>\u201aLaufen\u2018 <em>\u201eUngew\u00f6hnlich kitschfreie und unsentimentale Trauerbew\u00e4ltigung.\u201c<\/em><\/p>\n\n\n\n<p>Quelle: Filmfest M\u00fcnchen<\/p>\n\n\n\n<p>Wir freuen uns auf die Premieren mit G\u00e4sten in M\u00fcnchen!<\/p>\n","protected":false},"excerpt":{"rendered":"<p>\u201aSo laut du kannst\u2018 und \u201aLaufen\u2018 beim Filmfest M\u00fcnchen 2022 Unsere beiden j\u00fcngsten ZDF-Produktionen sind zum Filmfest M\u00fcnchen eingeladen!<\/p>\n","protected":false},"author":3,"featured_media":1821,"comment_status":"closed","ping_status":"closed","sticky":false,"template":"","format":"standard","meta":{"_acf_changed":false,"footnotes":""},"categories":[22,23],"tags":[],"post_flags":[],"class_list":["post-15","post","type-post","status-publish","format-standard","has-post-thumbnail","hentry","category-in-eigener-sache","category-aktueller-film"],"acf":[],"yoast_head":"<!-- This site is optimized with the Yoast SEO plugin v27.5 - https:\/\/yoast.com\/product\/yoast-seo-wordpress\/ -->\n<title>Filmfest M\u00fcnchen 2022 - Relevant Film<\/title>\n<meta name=\"robots\" content=\"index, follow, max-snippet:-1, max-image-preview:large, max-video-preview:-1\" \/>\n<link rel=\"canonical\" href=\"https:\/\/relevantfilm.de\/?p=15\" \/>\n<meta property=\"og:locale\" content=\"de_DE\" \/>\n<meta property=\"og:type\" content=\"article\" \/>\n<meta property=\"og:title\" content=\"Filmfest M\u00fcnchen 2022 - Relevant Film\" \/>\n<meta property=\"og:description\" content=\"\u201aSo laut du kannst\u2018 und \u201aLaufen\u2018 beim Filmfest M\u00fcnchen 2022 Unsere beiden j\u00fcngsten ZDF-Produktionen sind zum Filmfest M\u00fcnchen eingeladen!\" \/>\n<meta property=\"og:url\" content=\"https:\/\/relevantfilm.de\/?p=15\" \/>\n<meta property=\"og:site_name\" content=\"Relevant Film\" \/>\n<meta property=\"article:published_time\" content=\"2021-08-31T08:27:03+00:00\" \/>\n<meta property=\"article:modified_time\" content=\"2026-04-21T18:32:11+00:00\" \/>\n<meta property=\"og:image\" content=\"https:\/\/relevantfilm.de\/wp-content\/uploads\/2023\/03\/Banner-Filmfest-Muenchen-2022.jpg\" \/>\n\t<meta property=\"og:image:width\" content=\"847\" \/>\n\t<meta property=\"og:image:height\" content=\"300\" \/>\n\t<meta property=\"og:image:type\" content=\"image\/jpeg\" \/>\n<meta name=\"author\" content=\"Judica Schrammeck\" \/>\n<meta name=\"twitter:card\" content=\"summary_large_image\" \/>\n<meta name=\"twitter:label1\" content=\"Verfasst von\" \/>\n\t<meta name=\"twitter:data1\" content=\"Judica Schrammeck\" \/>\n\t<meta name=\"twitter:label2\" content=\"Gesch\u00e4tzte Lesezeit\" \/>\n\t<meta name=\"twitter:data2\" content=\"1\u00a0Minute\" \/>\n<script type=\"application\/ld+json\" class=\"yoast-schema-graph\">{\"@context\":\"https:\\\/\\\/schema.org\",\"@graph\":[{\"@type\":\"Article\",\"@id\":\"https:\\\/\\\/relevantfilm.de\\\/?p=15#article\",\"isPartOf\":{\"@id\":\"https:\\\/\\\/relevantfilm.de\\\/?p=15\"},\"author\":{\"name\":\"Judica Schrammeck\",\"@id\":\"https:\\\/\\\/relevantfilm.de\\\/#\\\/schema\\\/person\\\/e958a283c85c399b0c52c732f5c60228\"},\"headline\":\"Filmfest M\u00fcnchen 2022\",\"datePublished\":\"2021-08-31T08:27:03+00:00\",\"dateModified\":\"2026-04-21T18:32:11+00:00\",\"mainEntityOfPage\":{\"@id\":\"https:\\\/\\\/relevantfilm.de\\\/?p=15\"},\"wordCount\":159,\"image\":{\"@id\":\"https:\\\/\\\/relevantfilm.de\\\/?p=15#primaryimage\"},\"thumbnailUrl\":\"https:\\\/\\\/relevantfilm.de\\\/wp-content\\\/uploads\\\/2023\\\/03\\\/Banner-Filmfest-Muenchen-2022.jpg\",\"articleSection\":[\"In eigener Sache\",\"Aktueller Film\"],\"inLanguage\":\"de\"},{\"@type\":\"WebPage\",\"@id\":\"https:\\\/\\\/relevantfilm.de\\\/?p=15\",\"url\":\"https:\\\/\\\/relevantfilm.de\\\/?p=15\",\"name\":\"Filmfest M\u00fcnchen 2022 - Relevant Film\",\"isPartOf\":{\"@id\":\"https:\\\/\\\/relevantfilm.de\\\/#website\"},\"primaryImageOfPage\":{\"@id\":\"https:\\\/\\\/relevantfilm.de\\\/?p=15#primaryimage\"},\"image\":{\"@id\":\"https:\\\/\\\/relevantfilm.de\\\/?p=15#primaryimage\"},\"thumbnailUrl\":\"https:\\\/\\\/relevantfilm.de\\\/wp-content\\\/uploads\\\/2023\\\/03\\\/Banner-Filmfest-Muenchen-2022.jpg\",\"datePublished\":\"2021-08-31T08:27:03+00:00\",\"dateModified\":\"2026-04-21T18:32:11+00:00\",\"author\":{\"@id\":\"https:\\\/\\\/relevantfilm.de\\\/#\\\/schema\\\/person\\\/e958a283c85c399b0c52c732f5c60228\"},\"breadcrumb\":{\"@id\":\"https:\\\/\\\/relevantfilm.de\\\/?p=15#breadcrumb\"},\"inLanguage\":\"de\",\"potentialAction\":[{\"@type\":\"ReadAction\",\"target\":[\"https:\\\/\\\/relevantfilm.de\\\/?p=15\"]}]},{\"@type\":\"ImageObject\",\"inLanguage\":\"de\",\"@id\":\"https:\\\/\\\/relevantfilm.de\\\/?p=15#primaryimage\",\"url\":\"https:\\\/\\\/relevantfilm.de\\\/wp-content\\\/uploads\\\/2023\\\/03\\\/Banner-Filmfest-Muenchen-2022.jpg\",\"contentUrl\":\"https:\\\/\\\/relevantfilm.de\\\/wp-content\\\/uploads\\\/2023\\\/03\\\/Banner-Filmfest-Muenchen-2022.jpg\",\"width\":847,\"height\":300},{\"@type\":\"BreadcrumbList\",\"@id\":\"https:\\\/\\\/relevantfilm.de\\\/?p=15#breadcrumb\",\"itemListElement\":[{\"@type\":\"ListItem\",\"position\":1,\"name\":\"Startseite\",\"item\":\"https:\\\/\\\/relevantfilm.de\\\/\"},{\"@type\":\"ListItem\",\"position\":2,\"name\":\"Filmfest M\u00fcnchen 2022\"}]},{\"@type\":\"WebSite\",\"@id\":\"https:\\\/\\\/relevantfilm.de\\\/#website\",\"url\":\"https:\\\/\\\/relevantfilm.de\\\/\",\"name\":\"Relevant Film\",\"description\":\"Filmproduktion Hamburg\",\"potentialAction\":[{\"@type\":\"SearchAction\",\"target\":{\"@type\":\"EntryPoint\",\"urlTemplate\":\"https:\\\/\\\/relevantfilm.de\\\/?s={search_term_string}\"},\"query-input\":{\"@type\":\"PropertyValueSpecification\",\"valueRequired\":true,\"valueName\":\"search_term_string\"}}],\"inLanguage\":\"de\"},{\"@type\":\"Person\",\"@id\":\"https:\\\/\\\/relevantfilm.de\\\/#\\\/schema\\\/person\\\/e958a283c85c399b0c52c732f5c60228\",\"name\":\"Judica Schrammeck\",\"image\":{\"@type\":\"ImageObject\",\"inLanguage\":\"de\",\"@id\":\"https:\\\/\\\/secure.gravatar.com\\\/avatar\\\/b19e9ce218a797f1052c4030b2e615bf8ee2784409b0cedc8c6e44506f5df67d?s=96&d=mm&r=g\",\"url\":\"https:\\\/\\\/secure.gravatar.com\\\/avatar\\\/b19e9ce218a797f1052c4030b2e615bf8ee2784409b0cedc8c6e44506f5df67d?s=96&d=mm&r=g\",\"contentUrl\":\"https:\\\/\\\/secure.gravatar.com\\\/avatar\\\/b19e9ce218a797f1052c4030b2e615bf8ee2784409b0cedc8c6e44506f5df67d?s=96&d=mm&r=g\",\"caption\":\"Judica Schrammeck\"},\"sameAs\":[\"https:\\\/\\\/relevantfilm.de\\\/\"],\"url\":\"https:\\\/\\\/relevantfilm.de\\\/?author=3\"}]}<\/script>\n<!-- \/ Yoast SEO plugin. -->","yoast_head_json":{"title":"Filmfest M\u00fcnchen 2022 - Relevant Film","robots":{"index":"index","follow":"follow","max-snippet":"max-snippet:-1","max-image-preview":"max-image-preview:large","max-video-preview":"max-video-preview:-1"},"canonical":"https:\/\/relevantfilm.de\/?p=15","og_locale":"de_DE","og_type":"article","og_title":"Filmfest M\u00fcnchen 2022 - Relevant Film","og_description":"\u201aSo laut du kannst\u2018 und \u201aLaufen\u2018 beim Filmfest M\u00fcnchen 2022 Unsere beiden j\u00fcngsten ZDF-Produktionen sind zum Filmfest M\u00fcnchen eingeladen!","og_url":"https:\/\/relevantfilm.de\/?p=15","og_site_name":"Relevant Film","article_published_time":"2021-08-31T08:27:03+00:00","article_modified_time":"2026-04-21T18:32:11+00:00","og_image":[{"width":847,"height":300,"url":"https:\/\/relevantfilm.de\/wp-content\/uploads\/2023\/03\/Banner-Filmfest-Muenchen-2022.jpg","type":"image\/jpeg"}],"author":"Judica Schrammeck","twitter_card":"summary_large_image","twitter_misc":{"Verfasst von":"Judica Schrammeck","Gesch\u00e4tzte Lesezeit":"1\u00a0Minute"},"schema":{"@context":"https:\/\/schema.org","@graph":[{"@type":"Article","@id":"https:\/\/relevantfilm.de\/?p=15#article","isPartOf":{"@id":"https:\/\/relevantfilm.de\/?p=15"},"author":{"name":"Judica Schrammeck","@id":"https:\/\/relevantfilm.de\/#\/schema\/person\/e958a283c85c399b0c52c732f5c60228"},"headline":"Filmfest M\u00fcnchen 2022","datePublished":"2021-08-31T08:27:03+00:00","dateModified":"2026-04-21T18:32:11+00:00","mainEntityOfPage":{"@id":"https:\/\/relevantfilm.de\/?p=15"},"wordCount":159,"image":{"@id":"https:\/\/relevantfilm.de\/?p=15#primaryimage"},"thumbnailUrl":"https:\/\/relevantfilm.de\/wp-content\/uploads\/2023\/03\/Banner-Filmfest-Muenchen-2022.jpg","articleSection":["In eigener Sache","Aktueller Film"],"inLanguage":"de"},{"@type":"WebPage","@id":"https:\/\/relevantfilm.de\/?p=15","url":"https:\/\/relevantfilm.de\/?p=15","name":"Filmfest M\u00fcnchen 2022 - Relevant Film","isPartOf":{"@id":"https:\/\/relevantfilm.de\/#website"},"primaryImageOfPage":{"@id":"https:\/\/relevantfilm.de\/?p=15#primaryimage"},"image":{"@id":"https:\/\/relevantfilm.de\/?p=15#primaryimage"},"thumbnailUrl":"https:\/\/relevantfilm.de\/wp-content\/uploads\/2023\/03\/Banner-Filmfest-Muenchen-2022.jpg","datePublished":"2021-08-31T08:27:03+00:00","dateModified":"2026-04-21T18:32:11+00:00","author":{"@id":"https:\/\/relevantfilm.de\/#\/schema\/person\/e958a283c85c399b0c52c732f5c60228"},"breadcrumb":{"@id":"https:\/\/relevantfilm.de\/?p=15#breadcrumb"},"inLanguage":"de","potentialAction":[{"@type":"ReadAction","target":["https:\/\/relevantfilm.de\/?p=15"]}]},{"@type":"ImageObject","inLanguage":"de","@id":"https:\/\/relevantfilm.de\/?p=15#primaryimage","url":"https:\/\/relevantfilm.de\/wp-content\/uploads\/2023\/03\/Banner-Filmfest-Muenchen-2022.jpg","contentUrl":"https:\/\/relevantfilm.de\/wp-content\/uploads\/2023\/03\/Banner-Filmfest-Muenchen-2022.jpg","width":847,"height":300},{"@type":"BreadcrumbList","@id":"https:\/\/relevantfilm.de\/?p=15#breadcrumb","itemListElement":[{"@type":"ListItem","position":1,"name":"Startseite","item":"https:\/\/relevantfilm.de\/"},{"@type":"ListItem","position":2,"name":"Filmfest M\u00fcnchen 2022"}]},{"@type":"WebSite","@id":"https:\/\/relevantfilm.de\/#website","url":"https:\/\/relevantfilm.de\/","name":"Relevant Film","description":"Filmproduktion Hamburg","potentialAction":[{"@type":"SearchAction","target":{"@type":"EntryPoint","urlTemplate":"https:\/\/relevantfilm.de\/?s={search_term_string}"},"query-input":{"@type":"PropertyValueSpecification","valueRequired":true,"valueName":"search_term_string"}}],"inLanguage":"de"},{"@type":"Person","@id":"https:\/\/relevantfilm.de\/#\/schema\/person\/e958a283c85c399b0c52c732f5c60228","name":"Judica Schrammeck","image":{"@type":"ImageObject","inLanguage":"de","@id":"https:\/\/secure.gravatar.com\/avatar\/b19e9ce218a797f1052c4030b2e615bf8ee2784409b0cedc8c6e44506f5df67d?s=96&d=mm&r=g","url":"https:\/\/secure.gravatar.com\/avatar\/b19e9ce218a797f1052c4030b2e615bf8ee2784409b0cedc8c6e44506f5df67d?s=96&d=mm&r=g","contentUrl":"https:\/\/secure.gravatar.com\/avatar\/b19e9ce218a797f1052c4030b2e615bf8ee2784409b0cedc8c6e44506f5df67d?s=96&d=mm&r=g","caption":"Judica Schrammeck"},"sameAs":["https:\/\/relevantfilm.de\/"],"url":"https:\/\/relevantfilm.de\/?author=3"}]}},"_links":{"self":[{"href":"https:\/\/relevantfilm.de\/index.php?rest_route=\/wp\/v2\/posts\/15","targetHints":{"allow":["GET"]}}],"collection":[{"href":"https:\/\/relevantfilm.de\/index.php?rest_route=\/wp\/v2\/posts"}],"about":[{"href":"https:\/\/relevantfilm.de\/index.php?rest_route=\/wp\/v2\/types\/post"}],"author":[{"embeddable":true,"href":"https:\/\/relevantfilm.de\/index.php?rest_route=\/wp\/v2\/users\/3"}],"replies":[{"embeddable":true,"href":"https:\/\/relevantfilm.de\/index.php?rest_route=%2Fwp%2Fv2%2Fcomments&post=15"}],"version-history":[{"count":4,"href":"https:\/\/relevantfilm.de\/index.php?rest_route=\/wp\/v2\/posts\/15\/revisions"}],"predecessor-version":[{"id":1872,"href":"https:\/\/relevantfilm.de\/index.php?rest_route=\/wp\/v2\/posts\/15\/revisions\/1872"}],"wp:featuredmedia":[{"embeddable":true,"href":"https:\/\/relevantfilm.de\/index.php?rest_route=\/wp\/v2\/media\/1821"}],"wp:attachment":[{"href":"https:\/\/relevantfilm.de\/index.php?rest_route=%2Fwp%2Fv2%2Fmedia&parent=15"}],"wp:term":[{"taxonomy":"category","embeddable":true,"href":"https:\/\/relevantfilm.de\/index.php?rest_route=%2Fwp%2Fv2%2Fcategories&post=15"},{"taxonomy":"post_tag","embeddable":true,"href":"https:\/\/relevantfilm.de\/index.php?rest_route=%2Fwp%2Fv2%2Ftags&post=15"},{"taxonomy":"post_flag","embeddable":true,"href":"https:\/\/relevantfilm.de\/index.php?rest_route=%2Fwp%2Fv2%2Fpost_flags&post=15"}],"curies":[{"name":"wp","href":"https:\/\/api.w.org\/{rel}","templated":true}]}}