{"id":17,"date":"2021-12-09T10:27:00","date_gmt":"2021-12-09T09:27:00","guid":{"rendered":"https:\/\/relevantfilm.clusterzone.de\/?p=17"},"modified":"2026-04-21T20:32:11","modified_gmt":"2026-04-21T18:32:11","slug":"erstausstrahlung-alice-im-weihnachtsland","status":"publish","type":"post","link":"https:\/\/relevantfilm.de\/?p=17","title":{"rendered":"Erstausstrahlung: &#8218;Alice im Weihnachtsland&#8216;"},"content":{"rendered":"<p>Erstausstrahlung am Sonntag, 12. Dezember um 20:15 Uhr im ZDF und ab 04. Dezember 2021 in der ZDF Mediathek!<\/p>\n<p><!--more--><\/p>\n\n\n<p>Das Fest der Liebe allein bei einer fremden Familie feiern? Das hat sich die Hamburger K\u00f6chin Alice <strong>(Aybi Era)<\/strong> nicht so vorgestellt, als ihr neuer Freund sie eingeladen hat, Weihnachten mit seiner Familie in Bayern zu feiern.<\/p>\n\n\n\n<p>Alice ist erst seit Kurzem mit ihrem Freund Nicolas (<strong>Daniel Gawlowski<\/strong>) zusammen, als er sie einl\u00e4dt, Weihnachten mit ihm und seiner Familie in Oberstdorf zu verbringen. Obwohl Alice zun\u00e4chst z\u00f6gert, sagt sie schlie\u00dflich doch zu. Doch schon aus der gemeinsamen Anreise wird nichts: Ein wichtiges berufliches Projekt h\u00e4lt Nicolas auf. So steht Alice allein am Bahnhof in Oberstdorf, als Nicolas ihr am Telefon nahelegt, einfach schon mal zu seinen Eltern zu fahren. Wie praktisch, dass es das Schicksal gut mit ihr meint und sie am Bahnhof Nicolas \u00e4lteren Bruder Jakob Huber (<strong>Jochen Matschke<\/strong>) trifft.<\/p>\n\n\n\n<p>Die Eltern Hanna (<strong>Jutta Speidel<\/strong>) und Toni (<strong>August Schm\u00f6lzer<\/strong>) begr\u00fc\u00dfen Alice so herzlich, dass sie sich schnell wie zu Hause f\u00fchlt. Dass es Nicolas erst an Heiligabend nach Oberstdorf schafft, ist pl\u00f6tzlich gar kein Problem mehr. Alice f\u00fchlt sich wohl und baut eine immer engere Bindung zum verwitweten Jakob und seinen Kindern auf. Das bringt beide in eine unangenehme Zwickm\u00fchle.<\/p>\n\n\n\n<p>Neben <strong>Aybi Era<\/strong> sind in weiteren Rollen <strong>Jochen Matschke, Daniel Gawlowski, Jutta Speidel, August Schm\u00f6lzer, Nina Hoger, Ilja Richter<\/strong> und viele andere zu sehen.<\/p>\n\n\n\n<p><strong>Regie<\/strong> f\u00fchrt <strong>Petra K. Wagner<\/strong> nach dem <strong>Drehbuch <\/strong>von<strong> Claudia Matschulla <\/strong>und <strong>Arnd Mayer. <\/strong>Verantwortliche Redakteurin beim <strong>ZDF<\/strong> ist<strong> Berit Teschner<\/strong>.<\/p>\n\n\n\n<p>Casting <strong>Marion Haack<\/strong> | Kamera <strong>Peter Polsak<\/strong>| B-Kamera <strong>Jan Raiber<\/strong> I Szenenbild <strong>Jost Brand-H\u00fcbner<\/strong> | Kost\u00fcm <strong>Astrid M\u00f6ldner<\/strong> | Maske <strong>Jens Holstein, Edith Paskvalic<\/strong> | Schnitt <strong>Nicola Undritz<\/strong> | Komponisten <strong>Hannah von H\u00fcbbenet &amp; Raphael Schalz-Bender<\/strong> | Produktionsleitung <strong>Peter Nawrotzki<\/strong> | Producerin <strong>Paula Lichte<\/strong> | Produzentin <strong>Heike Wiehle-Timm<\/strong><\/p>\n\n\n\n<p>Die Dreharbeiten fanden in Oberstdorf und Hamburg statt.<\/p>\n\n\n\n<p><em>\u201eSympathische Romanze, die einen v\u00f6llig unerwarteten Haken schl\u00e4gt und deren Hauptdarstellerin ein Kn\u00fcller ist.\u201c<\/em><\/p>\n\n\n\n<p>hier geht es zur ausf\u00fchrlichen Kritik von <a href=\"https:\/\/www.kino.de\/film\/alice-im-weihnachtsland-2021\/\">Tilmann P. Gangloff.<\/a><\/p>\n\n\n\n<p>Interviews mit Aybi Era, Jutta Speidel, August Schm\u00f6lzer und der Produzentin finden Sie auch in der ausf\u00fchrlichen <a href=\"https:\/\/presseportal.zdf.de\/pm\/alice-im-weihnachtsland\/\">ZDF-Pressemappe.<\/a><\/p>\n\n\n\n<p>Bildnachweis Kopfgrafik | \u201aAlice im Weihnachtsland\u2018 (c) ZDF | Jan Raiber<\/p>\n","protected":false},"excerpt":{"rendered":"<p>Erstausstrahlung am Sonntag, 12. Dezember um 20:15 Uhr im ZDF und ab 04. Dezember 2021 in der ZDF Mediathek!<\/p>\n","protected":false},"author":3,"featured_media":1817,"comment_status":"closed","ping_status":"closed","sticky":false,"template":"","format":"standard","meta":{"_acf_changed":false,"footnotes":""},"categories":[23],"tags":[],"post_flags":[],"class_list":["post-17","post","type-post","status-publish","format-standard","has-post-thumbnail","hentry","category-aktueller-film"],"acf":[],"yoast_head":"<!-- This site is optimized with the Yoast SEO plugin v27.5 - https:\/\/yoast.com\/product\/yoast-seo-wordpress\/ -->\n<title>Erstausstrahlung: &#039;Alice im Weihnachtsland&#039; - Relevant Film<\/title>\n<meta name=\"robots\" content=\"index, follow, max-snippet:-1, max-image-preview:large, max-video-preview:-1\" \/>\n<link rel=\"canonical\" href=\"https:\/\/relevantfilm.de\/?p=17\" \/>\n<meta property=\"og:locale\" content=\"de_DE\" \/>\n<meta property=\"og:type\" content=\"article\" \/>\n<meta property=\"og:title\" content=\"Erstausstrahlung: &#039;Alice im Weihnachtsland&#039; - Relevant Film\" \/>\n<meta property=\"og:description\" content=\"Erstausstrahlung am Sonntag, 12. Dezember um 20:15 Uhr im ZDF und ab 04. Dezember 2021 in der ZDF Mediathek!\" \/>\n<meta property=\"og:url\" content=\"https:\/\/relevantfilm.de\/?p=17\" \/>\n<meta property=\"og:site_name\" content=\"Relevant Film\" \/>\n<meta property=\"article:published_time\" content=\"2021-12-09T09:27:00+00:00\" \/>\n<meta property=\"article:modified_time\" content=\"2026-04-21T18:32:11+00:00\" \/>\n<meta property=\"og:image\" content=\"https:\/\/relevantfilm.de\/wp-content\/uploads\/2023\/03\/Banner-Erstausstrahlung_Alice-im-Weihnachtsland-e1679807036481.jpg\" \/>\n\t<meta property=\"og:image:width\" content=\"1920\" \/>\n\t<meta property=\"og:image:height\" content=\"729\" \/>\n\t<meta property=\"og:image:type\" content=\"image\/jpeg\" \/>\n<meta name=\"author\" content=\"Judica Schrammeck\" \/>\n<meta name=\"twitter:card\" content=\"summary_large_image\" \/>\n<meta name=\"twitter:label1\" content=\"Verfasst von\" \/>\n\t<meta name=\"twitter:data1\" content=\"Judica Schrammeck\" \/>\n\t<meta name=\"twitter:label2\" content=\"Gesch\u00e4tzte Lesezeit\" \/>\n\t<meta name=\"twitter:data2\" content=\"2\u00a0Minuten\" \/>\n<script type=\"application\/ld+json\" class=\"yoast-schema-graph\">{\"@context\":\"https:\\\/\\\/schema.org\",\"@graph\":[{\"@type\":\"Article\",\"@id\":\"https:\\\/\\\/relevantfilm.de\\\/?p=17#article\",\"isPartOf\":{\"@id\":\"https:\\\/\\\/relevantfilm.de\\\/?p=17\"},\"author\":{\"name\":\"Judica Schrammeck\",\"@id\":\"https:\\\/\\\/relevantfilm.de\\\/#\\\/schema\\\/person\\\/e958a283c85c399b0c52c732f5c60228\"},\"headline\":\"Erstausstrahlung: &#8218;Alice im Weihnachtsland&#8216;\",\"datePublished\":\"2021-12-09T09:27:00+00:00\",\"dateModified\":\"2026-04-21T18:32:11+00:00\",\"mainEntityOfPage\":{\"@id\":\"https:\\\/\\\/relevantfilm.de\\\/?p=17\"},\"wordCount\":378,\"image\":{\"@id\":\"https:\\\/\\\/relevantfilm.de\\\/?p=17#primaryimage\"},\"thumbnailUrl\":\"https:\\\/\\\/relevantfilm.de\\\/wp-content\\\/uploads\\\/2023\\\/03\\\/Banner-Erstausstrahlung_Alice-im-Weihnachtsland-e1679807036481.jpg\",\"articleSection\":[\"Aktueller Film\"],\"inLanguage\":\"de\"},{\"@type\":\"WebPage\",\"@id\":\"https:\\\/\\\/relevantfilm.de\\\/?p=17\",\"url\":\"https:\\\/\\\/relevantfilm.de\\\/?p=17\",\"name\":\"Erstausstrahlung: 'Alice im Weihnachtsland' - Relevant Film\",\"isPartOf\":{\"@id\":\"https:\\\/\\\/relevantfilm.de\\\/#website\"},\"primaryImageOfPage\":{\"@id\":\"https:\\\/\\\/relevantfilm.de\\\/?p=17#primaryimage\"},\"image\":{\"@id\":\"https:\\\/\\\/relevantfilm.de\\\/?p=17#primaryimage\"},\"thumbnailUrl\":\"https:\\\/\\\/relevantfilm.de\\\/wp-content\\\/uploads\\\/2023\\\/03\\\/Banner-Erstausstrahlung_Alice-im-Weihnachtsland-e1679807036481.jpg\",\"datePublished\":\"2021-12-09T09:27:00+00:00\",\"dateModified\":\"2026-04-21T18:32:11+00:00\",\"author\":{\"@id\":\"https:\\\/\\\/relevantfilm.de\\\/#\\\/schema\\\/person\\\/e958a283c85c399b0c52c732f5c60228\"},\"breadcrumb\":{\"@id\":\"https:\\\/\\\/relevantfilm.de\\\/?p=17#breadcrumb\"},\"inLanguage\":\"de\",\"potentialAction\":[{\"@type\":\"ReadAction\",\"target\":[\"https:\\\/\\\/relevantfilm.de\\\/?p=17\"]}]},{\"@type\":\"ImageObject\",\"inLanguage\":\"de\",\"@id\":\"https:\\\/\\\/relevantfilm.de\\\/?p=17#primaryimage\",\"url\":\"https:\\\/\\\/relevantfilm.de\\\/wp-content\\\/uploads\\\/2023\\\/03\\\/Banner-Erstausstrahlung_Alice-im-Weihnachtsland-e1679807036481.jpg\",\"contentUrl\":\"https:\\\/\\\/relevantfilm.de\\\/wp-content\\\/uploads\\\/2023\\\/03\\\/Banner-Erstausstrahlung_Alice-im-Weihnachtsland-e1679807036481.jpg\",\"width\":1920,\"height\":729,\"caption\":\"Von links: Jakob Huber (Jochen Matschke), Desna Patel (Sushila Sara Mai), Alice Cordes (Aybi Era), Nikolas Huber (Daniel Gawlowski)\"},{\"@type\":\"BreadcrumbList\",\"@id\":\"https:\\\/\\\/relevantfilm.de\\\/?p=17#breadcrumb\",\"itemListElement\":[{\"@type\":\"ListItem\",\"position\":1,\"name\":\"Startseite\",\"item\":\"https:\\\/\\\/relevantfilm.de\\\/\"},{\"@type\":\"ListItem\",\"position\":2,\"name\":\"Erstausstrahlung: &#8218;Alice im Weihnachtsland&#8216;\"}]},{\"@type\":\"WebSite\",\"@id\":\"https:\\\/\\\/relevantfilm.de\\\/#website\",\"url\":\"https:\\\/\\\/relevantfilm.de\\\/\",\"name\":\"Relevant Film\",\"description\":\"Filmproduktion Hamburg\",\"potentialAction\":[{\"@type\":\"SearchAction\",\"target\":{\"@type\":\"EntryPoint\",\"urlTemplate\":\"https:\\\/\\\/relevantfilm.de\\\/?s={search_term_string}\"},\"query-input\":{\"@type\":\"PropertyValueSpecification\",\"valueRequired\":true,\"valueName\":\"search_term_string\"}}],\"inLanguage\":\"de\"},{\"@type\":\"Person\",\"@id\":\"https:\\\/\\\/relevantfilm.de\\\/#\\\/schema\\\/person\\\/e958a283c85c399b0c52c732f5c60228\",\"name\":\"Judica Schrammeck\",\"image\":{\"@type\":\"ImageObject\",\"inLanguage\":\"de\",\"@id\":\"https:\\\/\\\/secure.gravatar.com\\\/avatar\\\/b19e9ce218a797f1052c4030b2e615bf8ee2784409b0cedc8c6e44506f5df67d?s=96&d=mm&r=g\",\"url\":\"https:\\\/\\\/secure.gravatar.com\\\/avatar\\\/b19e9ce218a797f1052c4030b2e615bf8ee2784409b0cedc8c6e44506f5df67d?s=96&d=mm&r=g\",\"contentUrl\":\"https:\\\/\\\/secure.gravatar.com\\\/avatar\\\/b19e9ce218a797f1052c4030b2e615bf8ee2784409b0cedc8c6e44506f5df67d?s=96&d=mm&r=g\",\"caption\":\"Judica Schrammeck\"},\"sameAs\":[\"https:\\\/\\\/relevantfilm.de\\\/\"],\"url\":\"https:\\\/\\\/relevantfilm.de\\\/?author=3\"}]}<\/script>\n<!-- \/ Yoast SEO plugin. -->","yoast_head_json":{"title":"Erstausstrahlung: 'Alice im Weihnachtsland' - Relevant Film","robots":{"index":"index","follow":"follow","max-snippet":"max-snippet:-1","max-image-preview":"max-image-preview:large","max-video-preview":"max-video-preview:-1"},"canonical":"https:\/\/relevantfilm.de\/?p=17","og_locale":"de_DE","og_type":"article","og_title":"Erstausstrahlung: 'Alice im Weihnachtsland' - Relevant Film","og_description":"Erstausstrahlung am Sonntag, 12. Dezember um 20:15 Uhr im ZDF und ab 04. Dezember 2021 in der ZDF Mediathek!","og_url":"https:\/\/relevantfilm.de\/?p=17","og_site_name":"Relevant Film","article_published_time":"2021-12-09T09:27:00+00:00","article_modified_time":"2026-04-21T18:32:11+00:00","og_image":[{"width":1920,"height":729,"url":"https:\/\/relevantfilm.de\/wp-content\/uploads\/2023\/03\/Banner-Erstausstrahlung_Alice-im-Weihnachtsland-e1679807036481.jpg","type":"image\/jpeg"}],"author":"Judica Schrammeck","twitter_card":"summary_large_image","twitter_misc":{"Verfasst von":"Judica Schrammeck","Gesch\u00e4tzte Lesezeit":"2\u00a0Minuten"},"schema":{"@context":"https:\/\/schema.org","@graph":[{"@type":"Article","@id":"https:\/\/relevantfilm.de\/?p=17#article","isPartOf":{"@id":"https:\/\/relevantfilm.de\/?p=17"},"author":{"name":"Judica Schrammeck","@id":"https:\/\/relevantfilm.de\/#\/schema\/person\/e958a283c85c399b0c52c732f5c60228"},"headline":"Erstausstrahlung: &#8218;Alice im Weihnachtsland&#8216;","datePublished":"2021-12-09T09:27:00+00:00","dateModified":"2026-04-21T18:32:11+00:00","mainEntityOfPage":{"@id":"https:\/\/relevantfilm.de\/?p=17"},"wordCount":378,"image":{"@id":"https:\/\/relevantfilm.de\/?p=17#primaryimage"},"thumbnailUrl":"https:\/\/relevantfilm.de\/wp-content\/uploads\/2023\/03\/Banner-Erstausstrahlung_Alice-im-Weihnachtsland-e1679807036481.jpg","articleSection":["Aktueller Film"],"inLanguage":"de"},{"@type":"WebPage","@id":"https:\/\/relevantfilm.de\/?p=17","url":"https:\/\/relevantfilm.de\/?p=17","name":"Erstausstrahlung: 'Alice im Weihnachtsland' - Relevant Film","isPartOf":{"@id":"https:\/\/relevantfilm.de\/#website"},"primaryImageOfPage":{"@id":"https:\/\/relevantfilm.de\/?p=17#primaryimage"},"image":{"@id":"https:\/\/relevantfilm.de\/?p=17#primaryimage"},"thumbnailUrl":"https:\/\/relevantfilm.de\/wp-content\/uploads\/2023\/03\/Banner-Erstausstrahlung_Alice-im-Weihnachtsland-e1679807036481.jpg","datePublished":"2021-12-09T09:27:00+00:00","dateModified":"2026-04-21T18:32:11+00:00","author":{"@id":"https:\/\/relevantfilm.de\/#\/schema\/person\/e958a283c85c399b0c52c732f5c60228"},"breadcrumb":{"@id":"https:\/\/relevantfilm.de\/?p=17#breadcrumb"},"inLanguage":"de","potentialAction":[{"@type":"ReadAction","target":["https:\/\/relevantfilm.de\/?p=17"]}]},{"@type":"ImageObject","inLanguage":"de","@id":"https:\/\/relevantfilm.de\/?p=17#primaryimage","url":"https:\/\/relevantfilm.de\/wp-content\/uploads\/2023\/03\/Banner-Erstausstrahlung_Alice-im-Weihnachtsland-e1679807036481.jpg","contentUrl":"https:\/\/relevantfilm.de\/wp-content\/uploads\/2023\/03\/Banner-Erstausstrahlung_Alice-im-Weihnachtsland-e1679807036481.jpg","width":1920,"height":729,"caption":"Von links: Jakob Huber (Jochen Matschke), Desna Patel (Sushila Sara Mai), Alice Cordes (Aybi Era), Nikolas Huber (Daniel Gawlowski)"},{"@type":"BreadcrumbList","@id":"https:\/\/relevantfilm.de\/?p=17#breadcrumb","itemListElement":[{"@type":"ListItem","position":1,"name":"Startseite","item":"https:\/\/relevantfilm.de\/"},{"@type":"ListItem","position":2,"name":"Erstausstrahlung: &#8218;Alice im Weihnachtsland&#8216;"}]},{"@type":"WebSite","@id":"https:\/\/relevantfilm.de\/#website","url":"https:\/\/relevantfilm.de\/","name":"Relevant Film","description":"Filmproduktion Hamburg","potentialAction":[{"@type":"SearchAction","target":{"@type":"EntryPoint","urlTemplate":"https:\/\/relevantfilm.de\/?s={search_term_string}"},"query-input":{"@type":"PropertyValueSpecification","valueRequired":true,"valueName":"search_term_string"}}],"inLanguage":"de"},{"@type":"Person","@id":"https:\/\/relevantfilm.de\/#\/schema\/person\/e958a283c85c399b0c52c732f5c60228","name":"Judica Schrammeck","image":{"@type":"ImageObject","inLanguage":"de","@id":"https:\/\/secure.gravatar.com\/avatar\/b19e9ce218a797f1052c4030b2e615bf8ee2784409b0cedc8c6e44506f5df67d?s=96&d=mm&r=g","url":"https:\/\/secure.gravatar.com\/avatar\/b19e9ce218a797f1052c4030b2e615bf8ee2784409b0cedc8c6e44506f5df67d?s=96&d=mm&r=g","contentUrl":"https:\/\/secure.gravatar.com\/avatar\/b19e9ce218a797f1052c4030b2e615bf8ee2784409b0cedc8c6e44506f5df67d?s=96&d=mm&r=g","caption":"Judica Schrammeck"},"sameAs":["https:\/\/relevantfilm.de\/"],"url":"https:\/\/relevantfilm.de\/?author=3"}]}},"_links":{"self":[{"href":"https:\/\/relevantfilm.de\/index.php?rest_route=\/wp\/v2\/posts\/17","targetHints":{"allow":["GET"]}}],"collection":[{"href":"https:\/\/relevantfilm.de\/index.php?rest_route=\/wp\/v2\/posts"}],"about":[{"href":"https:\/\/relevantfilm.de\/index.php?rest_route=\/wp\/v2\/types\/post"}],"author":[{"embeddable":true,"href":"https:\/\/relevantfilm.de\/index.php?rest_route=\/wp\/v2\/users\/3"}],"replies":[{"embeddable":true,"href":"https:\/\/relevantfilm.de\/index.php?rest_route=%2Fwp%2Fv2%2Fcomments&post=17"}],"version-history":[{"count":6,"href":"https:\/\/relevantfilm.de\/index.php?rest_route=\/wp\/v2\/posts\/17\/revisions"}],"predecessor-version":[{"id":3172,"href":"https:\/\/relevantfilm.de\/index.php?rest_route=\/wp\/v2\/posts\/17\/revisions\/3172"}],"wp:featuredmedia":[{"embeddable":true,"href":"https:\/\/relevantfilm.de\/index.php?rest_route=\/wp\/v2\/media\/1817"}],"wp:attachment":[{"href":"https:\/\/relevantfilm.de\/index.php?rest_route=%2Fwp%2Fv2%2Fmedia&parent=17"}],"wp:term":[{"taxonomy":"category","embeddable":true,"href":"https:\/\/relevantfilm.de\/index.php?rest_route=%2Fwp%2Fv2%2Fcategories&post=17"},{"taxonomy":"post_tag","embeddable":true,"href":"https:\/\/relevantfilm.de\/index.php?rest_route=%2Fwp%2Fv2%2Ftags&post=17"},{"taxonomy":"post_flag","embeddable":true,"href":"https:\/\/relevantfilm.de\/index.php?rest_route=%2Fwp%2Fv2%2Fpost_flags&post=17"}],"curies":[{"name":"wp","href":"https:\/\/api.w.org\/{rel}","templated":true}]}}