{"id":1730,"date":"2019-11-06T11:52:44","date_gmt":"2019-11-06T10:52:44","guid":{"rendered":"https:\/\/relevantfilm.clusterzone.de\/?p=1730"},"modified":"2026-04-21T20:32:11","modified_gmt":"2026-04-21T18:32:11","slug":"erstausstrahlung-ploetzlich-so-still","status":"publish","type":"post","link":"https:\/\/relevantfilm.de\/?p=1730","title":{"rendered":"Erstausstrahlung: &#8218;Pl\u00f6tzlich so still&#8216;"},"content":{"rendered":"<p class=\"uk-text-lead\">Unser ZDF \u201aFernsehfilm der Woche\u2018 wurde am Montag, den 08. M\u00e4rz 2021 um 20:15 Uhr im ZDF erfolgreich ausgestrahlt und ist noch bis Ende Februar 2022 in der <a href=\"https:\/\/www.zdf.de\/filme\/der-fernsehfilm-der-woche\/ploetzlich-so-still-100.html\">ZDF Mediathek<\/a> abrufbar!<br data-rich-text-line-break=\"true\">Nach dem sensiblen Drehbuch von Matthias Wehner entstand \u201aPl\u00f6tzlich so still\u2018 mit Friederike Becht und Hanno Koffler in den Hauptrollen.<\/p>\n<p><!--more--><\/p>\n\n\n<p>Regie Lars-Gunnar Lotz,&nbsp; Kamera Eva Katharina B\u00fchler.<\/p>\n\n\n\n<p>Interviews mit unseren beiden Hauptdarsteller:innen, dem Regisseur, Drehbuchautor und der Produzentin finden Sie auch in der ausf\u00fchrlichen&nbsp; <a href=\"https:\/\/presseportal.zdf.de\/pm\/ploetzlich-so-still\/\">ZDF Pressemappe<\/a>.<\/p>\n\n\n\n<p>&nbsp;\u2026Die schauspielerischen Leistungen von Hanno Koffler und vor allem Friederike Becht \u2013 das Gesicht des Films \u2013 k\u00f6nnen nicht genug ger\u00fchmt werden. Aber auch die ausschnitthafte Reihung der unfassbaren, aber nie dramatisierten Ereignisse und die sensible, fein nuancierte Inszenierung machen \u201aPl\u00f6tzlich so still\u2018 zu einem lebensklugen Psychodrama der leisen T\u00f6ne, das spannend ist, tief ber\u00fchrt &amp; zum Nachdenken anregt\u2026.<\/p>\n\n\n\n<p>Hier geht es zur der ausf\u00fchrlichen Kritik von <a href=\"http:\/\/www.tittelbach.tv\/programm\/fernsehfilm\/artikel-5749.html\">Rainer Tittelbach<\/a><\/p>\n\n\n\n<p>&nbsp;Die Dreharbeiten fanden im November und Dezember 2019 in Hamburg und an der Ostsee statt.<\/p>\n\n\n\n<p>Ende September 2020 durften wir die Premiere auf dem Filmfest Hamburg feiern.<br>Und wir freuen uns \u00fcber die Nominierung von Katharina B\u00fchler f\u00fcr den <a href=\"https:\/\/www.deutscher-kamerapreis.de\/preis\/nominierungen\/\">Deutschen Kamerapreis<\/a> f\u00fcr \u201aPl\u00f6tzlich so still\u2018.<\/p>\n\n\n\n<p>Die Preistr\u00e4ger*innen werden am 21. Mai 2021 ausgezeichnet. Wir dr\u00fccken die Daumen!<\/p>\n\n\n\n<p>Eva (Friederike Becht) und Ludger (Hanno Koffler) freuen sich auf ihr erstes Kind, als Ludger die einmalige Chance bekommt, eine Fortbildung als Polizeipsychologe beim FBI zu machen. Auch wenn ihm der Abschied von seiner Familie schwer f\u00e4llt, fliegt er kurz nach der Geburt f\u00fcr zehn Wochen in die USA. Als Kinderkrankenschwester kommt Eva mit der kleinen Sarah ganz gut allein zurecht. Doch da passiert das Unfassbare. Zwei Tage vor Ludgers R\u00fcckkehr wacht Eva morgens neben ihrem toten Baby auf. Eva treibt unter Schock durch die vorweihnachtliche Stadt. Ein unfassbares Drama nimmt seinen Lauf.<\/p>\n\n\n\n<p>In weiteren Rollen: Nadja Bobyleva, Katharina Behrens, Morgane Ferru, Idil \u00dcner, Christian Beermann, Gerhard Garbers und andere.<\/p>\n\n\n\n<p>Casting Marion Haack Ausstattung Iris Trescher-Lorenz Kost\u00fcm Astrid M\u00f6ldner Maske Jeanette Kellermann, Alexandra Lebedynski Ton Christoph K\u00f6pf Licht Torsten Lemke B\u00fchne Benjamin Anton Komponist Matthias Weber Editor Anton Kornd\u00f6rfer Produktionsleitung Andrea Bockelmann Producerin Paula Lichte Produzentin Heike Wiehle-Timm<br>Redaktion ZDF Solveig Cornelisen, Laura Mae Cuntze<\/p>\n\n\n\n<p class=\"has-small-font-size\"><strong>Bildnachweis<\/strong> I \u201aPl\u00f6tzlich so still\u2018 \u00a9 ZDF I Georges Pauly<\/p>\n","protected":false},"excerpt":{"rendered":"<p>Unser ZDF \u201aFernsehfilm der Woche\u2018 wurde am Montag, den 08. M\u00e4rz 2021 um 20:15 Uhr im ZDF erfolgreich ausgestrahlt und ist noch bis Ende Februar 2022 in der ZDF Mediathek abrufbar!Nach dem sensiblen Drehbuch von Matthias Wehner entstand \u201aPl\u00f6tzlich so still\u2018 mit Friederike Becht und Hanno Koffler in den Hauptrollen.<\/p>\n","protected":false},"author":3,"featured_media":1818,"comment_status":"closed","ping_status":"closed","sticky":false,"template":"","format":"standard","meta":{"_acf_changed":false,"footnotes":""},"categories":[23],"tags":[],"post_flags":[],"class_list":["post-1730","post","type-post","status-publish","format-standard","has-post-thumbnail","hentry","category-aktueller-film"],"acf":[],"yoast_head":"<!-- This site is optimized with the Yoast SEO plugin v27.5 - https:\/\/yoast.com\/product\/yoast-seo-wordpress\/ -->\n<title>Erstausstrahlung: &#039;Pl\u00f6tzlich so still&#039; - Relevant Film<\/title>\n<meta name=\"robots\" content=\"index, follow, max-snippet:-1, max-image-preview:large, max-video-preview:-1\" \/>\n<link rel=\"canonical\" href=\"https:\/\/relevantfilm.de\/?p=1730\" \/>\n<meta property=\"og:locale\" content=\"de_DE\" \/>\n<meta property=\"og:type\" content=\"article\" \/>\n<meta property=\"og:title\" content=\"Erstausstrahlung: &#039;Pl\u00f6tzlich so still&#039; - Relevant Film\" \/>\n<meta property=\"og:description\" content=\"Unser ZDF \u201aFernsehfilm der Woche\u2018 wurde am Montag, den 08. M\u00e4rz 2021 um 20:15 Uhr im ZDF erfolgreich ausgestrahlt und ist noch bis Ende Februar 2022 in der ZDF Mediathek abrufbar!Nach dem sensiblen Drehbuch von Matthias Wehner entstand \u201aPl\u00f6tzlich so still\u2018 mit Friederike Becht und Hanno Koffler in den Hauptrollen.\" \/>\n<meta property=\"og:url\" content=\"https:\/\/relevantfilm.de\/?p=1730\" \/>\n<meta property=\"og:site_name\" content=\"Relevant Film\" \/>\n<meta property=\"article:published_time\" content=\"2019-11-06T10:52:44+00:00\" \/>\n<meta property=\"article:modified_time\" content=\"2026-04-21T18:32:11+00:00\" \/>\n<meta property=\"og:image\" content=\"https:\/\/relevantfilm.de\/wp-content\/uploads\/2023\/03\/Banner-Erstausstrahlung_Ploetzlich-so-still-e1679807596631.jpg\" \/>\n\t<meta property=\"og:image:width\" content=\"2000\" \/>\n\t<meta property=\"og:image:height\" content=\"1055\" \/>\n\t<meta property=\"og:image:type\" content=\"image\/jpeg\" \/>\n<meta name=\"author\" content=\"Judica Schrammeck\" \/>\n<meta name=\"twitter:card\" content=\"summary_large_image\" \/>\n<meta name=\"twitter:label1\" content=\"Verfasst von\" \/>\n\t<meta name=\"twitter:data1\" content=\"Judica Schrammeck\" \/>\n\t<meta name=\"twitter:label2\" content=\"Gesch\u00e4tzte Lesezeit\" \/>\n\t<meta name=\"twitter:data2\" content=\"3\u00a0Minuten\" \/>\n<script type=\"application\/ld+json\" class=\"yoast-schema-graph\">{\"@context\":\"https:\\\/\\\/schema.org\",\"@graph\":[{\"@type\":\"Article\",\"@id\":\"https:\\\/\\\/relevantfilm.de\\\/?p=1730#article\",\"isPartOf\":{\"@id\":\"https:\\\/\\\/relevantfilm.de\\\/?p=1730\"},\"author\":{\"name\":\"Judica Schrammeck\",\"@id\":\"https:\\\/\\\/relevantfilm.de\\\/#\\\/schema\\\/person\\\/e958a283c85c399b0c52c732f5c60228\"},\"headline\":\"Erstausstrahlung: &#8218;Pl\u00f6tzlich so still&#8216;\",\"datePublished\":\"2019-11-06T10:52:44+00:00\",\"dateModified\":\"2026-04-21T18:32:11+00:00\",\"mainEntityOfPage\":{\"@id\":\"https:\\\/\\\/relevantfilm.de\\\/?p=1730\"},\"wordCount\":392,\"image\":{\"@id\":\"https:\\\/\\\/relevantfilm.de\\\/?p=1730#primaryimage\"},\"thumbnailUrl\":\"https:\\\/\\\/relevantfilm.de\\\/wp-content\\\/uploads\\\/2023\\\/03\\\/Banner-Erstausstrahlung_Ploetzlich-so-still-e1679807596631.jpg\",\"articleSection\":[\"Aktueller Film\"],\"inLanguage\":\"de\"},{\"@type\":\"WebPage\",\"@id\":\"https:\\\/\\\/relevantfilm.de\\\/?p=1730\",\"url\":\"https:\\\/\\\/relevantfilm.de\\\/?p=1730\",\"name\":\"Erstausstrahlung: 'Pl\u00f6tzlich so still' - Relevant Film\",\"isPartOf\":{\"@id\":\"https:\\\/\\\/relevantfilm.de\\\/#website\"},\"primaryImageOfPage\":{\"@id\":\"https:\\\/\\\/relevantfilm.de\\\/?p=1730#primaryimage\"},\"image\":{\"@id\":\"https:\\\/\\\/relevantfilm.de\\\/?p=1730#primaryimage\"},\"thumbnailUrl\":\"https:\\\/\\\/relevantfilm.de\\\/wp-content\\\/uploads\\\/2023\\\/03\\\/Banner-Erstausstrahlung_Ploetzlich-so-still-e1679807596631.jpg\",\"datePublished\":\"2019-11-06T10:52:44+00:00\",\"dateModified\":\"2026-04-21T18:32:11+00:00\",\"author\":{\"@id\":\"https:\\\/\\\/relevantfilm.de\\\/#\\\/schema\\\/person\\\/e958a283c85c399b0c52c732f5c60228\"},\"breadcrumb\":{\"@id\":\"https:\\\/\\\/relevantfilm.de\\\/?p=1730#breadcrumb\"},\"inLanguage\":\"de\",\"potentialAction\":[{\"@type\":\"ReadAction\",\"target\":[\"https:\\\/\\\/relevantfilm.de\\\/?p=1730\"]}]},{\"@type\":\"ImageObject\",\"inLanguage\":\"de\",\"@id\":\"https:\\\/\\\/relevantfilm.de\\\/?p=1730#primaryimage\",\"url\":\"https:\\\/\\\/relevantfilm.de\\\/wp-content\\\/uploads\\\/2023\\\/03\\\/Banner-Erstausstrahlung_Ploetzlich-so-still-e1679807596631.jpg\",\"contentUrl\":\"https:\\\/\\\/relevantfilm.de\\\/wp-content\\\/uploads\\\/2023\\\/03\\\/Banner-Erstausstrahlung_Ploetzlich-so-still-e1679807596631.jpg\",\"width\":2000,\"height\":1055,\"caption\":\"Pl\u00f6tzlich so still\"},{\"@type\":\"BreadcrumbList\",\"@id\":\"https:\\\/\\\/relevantfilm.de\\\/?p=1730#breadcrumb\",\"itemListElement\":[{\"@type\":\"ListItem\",\"position\":1,\"name\":\"Startseite\",\"item\":\"https:\\\/\\\/relevantfilm.de\\\/\"},{\"@type\":\"ListItem\",\"position\":2,\"name\":\"Erstausstrahlung: &#8218;Pl\u00f6tzlich so still&#8216;\"}]},{\"@type\":\"WebSite\",\"@id\":\"https:\\\/\\\/relevantfilm.de\\\/#website\",\"url\":\"https:\\\/\\\/relevantfilm.de\\\/\",\"name\":\"Relevant Film\",\"description\":\"Filmproduktion Hamburg\",\"potentialAction\":[{\"@type\":\"SearchAction\",\"target\":{\"@type\":\"EntryPoint\",\"urlTemplate\":\"https:\\\/\\\/relevantfilm.de\\\/?s={search_term_string}\"},\"query-input\":{\"@type\":\"PropertyValueSpecification\",\"valueRequired\":true,\"valueName\":\"search_term_string\"}}],\"inLanguage\":\"de\"},{\"@type\":\"Person\",\"@id\":\"https:\\\/\\\/relevantfilm.de\\\/#\\\/schema\\\/person\\\/e958a283c85c399b0c52c732f5c60228\",\"name\":\"Judica Schrammeck\",\"image\":{\"@type\":\"ImageObject\",\"inLanguage\":\"de\",\"@id\":\"https:\\\/\\\/secure.gravatar.com\\\/avatar\\\/b19e9ce218a797f1052c4030b2e615bf8ee2784409b0cedc8c6e44506f5df67d?s=96&d=mm&r=g\",\"url\":\"https:\\\/\\\/secure.gravatar.com\\\/avatar\\\/b19e9ce218a797f1052c4030b2e615bf8ee2784409b0cedc8c6e44506f5df67d?s=96&d=mm&r=g\",\"contentUrl\":\"https:\\\/\\\/secure.gravatar.com\\\/avatar\\\/b19e9ce218a797f1052c4030b2e615bf8ee2784409b0cedc8c6e44506f5df67d?s=96&d=mm&r=g\",\"caption\":\"Judica Schrammeck\"},\"sameAs\":[\"https:\\\/\\\/relevantfilm.de\\\/\"],\"url\":\"https:\\\/\\\/relevantfilm.de\\\/?author=3\"}]}<\/script>\n<!-- \/ Yoast SEO plugin. -->","yoast_head_json":{"title":"Erstausstrahlung: 'Pl\u00f6tzlich so still' - Relevant Film","robots":{"index":"index","follow":"follow","max-snippet":"max-snippet:-1","max-image-preview":"max-image-preview:large","max-video-preview":"max-video-preview:-1"},"canonical":"https:\/\/relevantfilm.de\/?p=1730","og_locale":"de_DE","og_type":"article","og_title":"Erstausstrahlung: 'Pl\u00f6tzlich so still' - Relevant Film","og_description":"Unser ZDF \u201aFernsehfilm der Woche\u2018 wurde am Montag, den 08. M\u00e4rz 2021 um 20:15 Uhr im ZDF erfolgreich ausgestrahlt und ist noch bis Ende Februar 2022 in der ZDF Mediathek abrufbar!Nach dem sensiblen Drehbuch von Matthias Wehner entstand \u201aPl\u00f6tzlich so still\u2018 mit Friederike Becht und Hanno Koffler in den Hauptrollen.","og_url":"https:\/\/relevantfilm.de\/?p=1730","og_site_name":"Relevant Film","article_published_time":"2019-11-06T10:52:44+00:00","article_modified_time":"2026-04-21T18:32:11+00:00","og_image":[{"width":2000,"height":1055,"url":"https:\/\/relevantfilm.de\/wp-content\/uploads\/2023\/03\/Banner-Erstausstrahlung_Ploetzlich-so-still-e1679807596631.jpg","type":"image\/jpeg"}],"author":"Judica Schrammeck","twitter_card":"summary_large_image","twitter_misc":{"Verfasst von":"Judica Schrammeck","Gesch\u00e4tzte Lesezeit":"3\u00a0Minuten"},"schema":{"@context":"https:\/\/schema.org","@graph":[{"@type":"Article","@id":"https:\/\/relevantfilm.de\/?p=1730#article","isPartOf":{"@id":"https:\/\/relevantfilm.de\/?p=1730"},"author":{"name":"Judica Schrammeck","@id":"https:\/\/relevantfilm.de\/#\/schema\/person\/e958a283c85c399b0c52c732f5c60228"},"headline":"Erstausstrahlung: &#8218;Pl\u00f6tzlich so still&#8216;","datePublished":"2019-11-06T10:52:44+00:00","dateModified":"2026-04-21T18:32:11+00:00","mainEntityOfPage":{"@id":"https:\/\/relevantfilm.de\/?p=1730"},"wordCount":392,"image":{"@id":"https:\/\/relevantfilm.de\/?p=1730#primaryimage"},"thumbnailUrl":"https:\/\/relevantfilm.de\/wp-content\/uploads\/2023\/03\/Banner-Erstausstrahlung_Ploetzlich-so-still-e1679807596631.jpg","articleSection":["Aktueller Film"],"inLanguage":"de"},{"@type":"WebPage","@id":"https:\/\/relevantfilm.de\/?p=1730","url":"https:\/\/relevantfilm.de\/?p=1730","name":"Erstausstrahlung: 'Pl\u00f6tzlich so still' - Relevant Film","isPartOf":{"@id":"https:\/\/relevantfilm.de\/#website"},"primaryImageOfPage":{"@id":"https:\/\/relevantfilm.de\/?p=1730#primaryimage"},"image":{"@id":"https:\/\/relevantfilm.de\/?p=1730#primaryimage"},"thumbnailUrl":"https:\/\/relevantfilm.de\/wp-content\/uploads\/2023\/03\/Banner-Erstausstrahlung_Ploetzlich-so-still-e1679807596631.jpg","datePublished":"2019-11-06T10:52:44+00:00","dateModified":"2026-04-21T18:32:11+00:00","author":{"@id":"https:\/\/relevantfilm.de\/#\/schema\/person\/e958a283c85c399b0c52c732f5c60228"},"breadcrumb":{"@id":"https:\/\/relevantfilm.de\/?p=1730#breadcrumb"},"inLanguage":"de","potentialAction":[{"@type":"ReadAction","target":["https:\/\/relevantfilm.de\/?p=1730"]}]},{"@type":"ImageObject","inLanguage":"de","@id":"https:\/\/relevantfilm.de\/?p=1730#primaryimage","url":"https:\/\/relevantfilm.de\/wp-content\/uploads\/2023\/03\/Banner-Erstausstrahlung_Ploetzlich-so-still-e1679807596631.jpg","contentUrl":"https:\/\/relevantfilm.de\/wp-content\/uploads\/2023\/03\/Banner-Erstausstrahlung_Ploetzlich-so-still-e1679807596631.jpg","width":2000,"height":1055,"caption":"Pl\u00f6tzlich so still"},{"@type":"BreadcrumbList","@id":"https:\/\/relevantfilm.de\/?p=1730#breadcrumb","itemListElement":[{"@type":"ListItem","position":1,"name":"Startseite","item":"https:\/\/relevantfilm.de\/"},{"@type":"ListItem","position":2,"name":"Erstausstrahlung: &#8218;Pl\u00f6tzlich so still&#8216;"}]},{"@type":"WebSite","@id":"https:\/\/relevantfilm.de\/#website","url":"https:\/\/relevantfilm.de\/","name":"Relevant Film","description":"Filmproduktion Hamburg","potentialAction":[{"@type":"SearchAction","target":{"@type":"EntryPoint","urlTemplate":"https:\/\/relevantfilm.de\/?s={search_term_string}"},"query-input":{"@type":"PropertyValueSpecification","valueRequired":true,"valueName":"search_term_string"}}],"inLanguage":"de"},{"@type":"Person","@id":"https:\/\/relevantfilm.de\/#\/schema\/person\/e958a283c85c399b0c52c732f5c60228","name":"Judica Schrammeck","image":{"@type":"ImageObject","inLanguage":"de","@id":"https:\/\/secure.gravatar.com\/avatar\/b19e9ce218a797f1052c4030b2e615bf8ee2784409b0cedc8c6e44506f5df67d?s=96&d=mm&r=g","url":"https:\/\/secure.gravatar.com\/avatar\/b19e9ce218a797f1052c4030b2e615bf8ee2784409b0cedc8c6e44506f5df67d?s=96&d=mm&r=g","contentUrl":"https:\/\/secure.gravatar.com\/avatar\/b19e9ce218a797f1052c4030b2e615bf8ee2784409b0cedc8c6e44506f5df67d?s=96&d=mm&r=g","caption":"Judica Schrammeck"},"sameAs":["https:\/\/relevantfilm.de\/"],"url":"https:\/\/relevantfilm.de\/?author=3"}]}},"_links":{"self":[{"href":"https:\/\/relevantfilm.de\/index.php?rest_route=\/wp\/v2\/posts\/1730","targetHints":{"allow":["GET"]}}],"collection":[{"href":"https:\/\/relevantfilm.de\/index.php?rest_route=\/wp\/v2\/posts"}],"about":[{"href":"https:\/\/relevantfilm.de\/index.php?rest_route=\/wp\/v2\/types\/post"}],"author":[{"embeddable":true,"href":"https:\/\/relevantfilm.de\/index.php?rest_route=\/wp\/v2\/users\/3"}],"replies":[{"embeddable":true,"href":"https:\/\/relevantfilm.de\/index.php?rest_route=%2Fwp%2Fv2%2Fcomments&post=1730"}],"version-history":[{"count":8,"href":"https:\/\/relevantfilm.de\/index.php?rest_route=\/wp\/v2\/posts\/1730\/revisions"}],"predecessor-version":[{"id":3175,"href":"https:\/\/relevantfilm.de\/index.php?rest_route=\/wp\/v2\/posts\/1730\/revisions\/3175"}],"wp:featuredmedia":[{"embeddable":true,"href":"https:\/\/relevantfilm.de\/index.php?rest_route=\/wp\/v2\/media\/1818"}],"wp:attachment":[{"href":"https:\/\/relevantfilm.de\/index.php?rest_route=%2Fwp%2Fv2%2Fmedia&parent=1730"}],"wp:term":[{"taxonomy":"category","embeddable":true,"href":"https:\/\/relevantfilm.de\/index.php?rest_route=%2Fwp%2Fv2%2Fcategories&post=1730"},{"taxonomy":"post_tag","embeddable":true,"href":"https:\/\/relevantfilm.de\/index.php?rest_route=%2Fwp%2Fv2%2Ftags&post=1730"},{"taxonomy":"post_flag","embeddable":true,"href":"https:\/\/relevantfilm.de\/index.php?rest_route=%2Fwp%2Fv2%2Fpost_flags&post=1730"}],"curies":[{"name":"wp","href":"https:\/\/api.w.org\/{rel}","templated":true}]}}