{"id":2872,"date":"2023-09-19T17:50:54","date_gmt":"2023-09-19T15:50:54","guid":{"rendered":"https:\/\/relevantfilm.de\/?p=2872"},"modified":"2026-04-21T20:32:11","modified_gmt":"2026-04-21T18:32:11","slug":"bundesweiter-kinostart-fuer-weisst-du-noch-am-21-september-2023","status":"publish","type":"post","link":"https:\/\/relevantfilm.de\/?p=2872","title":{"rendered":"Bundesweiter Kinostart f\u00fcr &#8218;Wei\u00dft du noch&#8216; am 21. September 2023"},"content":{"rendered":"<p><!--more--><\/p>\n\n\n<p class=\"has-medium-font-size\"><strong>Unsere Liebeskom\u00f6die mit ernsten T\u00f6nen &#8211; klug, witzig und ber\u00fchrend &#8211; jetzt im Kino <\/strong><\/p>\n\n\n\n<p>Nach der Erfolgskom\u00f6die &#8218;UND WER NIMMT DEN HUND?&#8216; widmen sich Regisseur <strong>Rainer Kaufmann<\/strong>, Drehbuchautor <strong>Martin Rauhaus <\/strong>und Produzentin <strong>Heike Wiehle-Timm <\/strong>erneut den H\u00f6hen und Tiefen langer Beziehungen. &#8218;WEISST DU NOCH&#8216; erz\u00e4hlt ebenso humorvoll wie lebensklug die Geschichte eines Trips in die Vergangenheit, eine Liebeskom\u00f6die, in der zwei Wunderpillen den tristen Lange-Ehe-Alltag durchbrechen und f\u00fcr eine unvergessliche Nacht sorgen. Und dies in einer Traumbesetzung: <strong>Rainer Kaufmann <\/strong>ist es gelungen, <strong>Senta Berger<\/strong> f\u00fcr die Rolle der Marianne zu gewinnen. An ihrer Seite spielt die <strong>G\u00fcnther Maria Halmer<\/strong>.<\/p>\n\n\n\n<p>Einen ersten Eindruck des grandiosen Schlagabtauschs, den sich Senta Berger und G\u00fcnther Maria Halmer in WEISST DU NOCH liefern, finden Sie hier:<\/p>\n\n\n\n<figure class=\"wp-block-embed is-type-video is-provider-youtube wp-block-embed-youtube wp-embed-aspect-16-9 wp-has-aspect-ratio\"><div class=\"wp-block-embed__wrapper\">\n<iframe loading=\"lazy\" title=\"WEISST DU NOCH - Trailer - Ab 21. September 2023 nur im Kino.\" width=\"500\" height=\"281\" src=\"https:\/\/www.youtube.com\/embed\/rFg3dCsLTj4?feature=oembed\" frameborder=\"0\" allow=\"accelerometer; autoplay; clipboard-write; encrypted-media; gyroscope; picture-in-picture; web-share\" referrerpolicy=\"strict-origin-when-cross-origin\" allowfullscreen><\/iframe>\n<\/div><\/figure>\n\n\n\n<p><\/p>\n\n\n\n<p>In einer weiteren Gastrolle ist u.a. auch Musiker und Schauspieler <strong>Konstantin Wecker<\/strong> zu sehen. Hinter der Kamera verantwortet <strong>Martin Farkas <\/strong>die Bildgestaltung, <strong>Eva Schnare <\/strong>die Montage, <strong>Petra C. Heim <\/strong>das Szenenbild, <strong>Janne Birck <\/strong>das Kost\u00fcmbild und <strong>Barbara Spenner <\/strong>und <strong>Germaine Mouth<\/strong> das Maskenbild.<\/p>\n\n\n\n<p><\/p>\n\n\n\n<p>Cast: <strong>Senta Berger<\/strong> I <strong>G\u00fcnther Maria Halmer<\/strong> I <strong>Konstantin Wecker<\/strong> I <strong>Yasin El Harrouk<\/strong> I <strong>Sushila Sara Mai<\/strong> I <strong>Mitsou Jung<\/strong> I <strong>Nikolai Rusu<\/strong> u.a.<\/p>\n\n\n\n<p>Casting <strong>Franziska Aigner<\/strong> | Kamera <strong>Martin Farkas<\/strong>| Szenenbild <strong>Petra C. Heim<\/strong> | Kost\u00fcm <strong>Janne Birck<\/strong> | Maske <strong>Barbara Spenner, Germaine Mouth<\/strong> | Schnitt <strong>Eva Schnare<\/strong>| Komponist <strong>Gerd Baumann<\/strong> | Produktionsleitung <strong>Peter Nawrotzki <\/strong>| Produzentin <strong>Heike Wiehle-Timm<\/strong><\/p>\n\n\n\n<p>\u201aWei\u00dft du noch\u2018 ist ein Kinofilm in Co-Produktion mit der <strong>ARD Degeto Film<\/strong> (Redaktion <strong>Stefan Kruppa<\/strong>), finanziert mit Unterst\u00fctzung durch den <strong>FFF Bayern<\/strong> (Produktionsf\u00f6rderung), <strong>DFFF<\/strong>, <strong>BKM<\/strong> (Filmpreis-Folgevorhaben),<strong> FFA<\/strong> (Referenzmittel).<\/p>\n\n\n\n<div class=\"wp-block-buttons is-layout-flex wp-block-buttons-is-layout-flex\">\n<div class=\"wp-block-button\"><a class=\"wp-block-button__link wp-element-button\" href=\"https:\/\/relevantfilm.de\/?movie=weisst-du-noch\">Link zur Filmseite<\/a><\/div>\n<\/div>\n\n\n\n<p class=\"has-small-font-size\"><strong>Bildnachweis<\/strong> I \u201aWei\u00dft Du noch\u2018 \u00a9 Relevant Film I J\u00fcrgen Olczyk, Hendrik Heiden, Mathias Bothor (Plakat)<\/p>\n\n\n\n<p><\/p>\n","protected":false},"excerpt":{"rendered":"","protected":false},"author":3,"featured_media":2779,"comment_status":"closed","ping_status":"closed","sticky":false,"template":"","format":"standard","meta":{"_acf_changed":false,"footnotes":""},"categories":[23],"tags":[],"post_flags":[],"class_list":["post-2872","post","type-post","status-publish","format-standard","has-post-thumbnail","hentry","category-aktueller-film"],"acf":[],"yoast_head":"<!-- This site is optimized with the Yoast SEO plugin v27.5 - https:\/\/yoast.com\/product\/yoast-seo-wordpress\/ -->\n<title>Bundesweiter Kinostart f\u00fcr &#039;Wei\u00dft du noch&#039; am 21. September 2023 - Relevant Film<\/title>\n<meta name=\"robots\" content=\"index, follow, max-snippet:-1, max-image-preview:large, max-video-preview:-1\" \/>\n<link rel=\"canonical\" href=\"https:\/\/relevantfilm.de\/?p=2872\" \/>\n<meta property=\"og:locale\" content=\"de_DE\" \/>\n<meta property=\"og:type\" content=\"article\" \/>\n<meta property=\"og:title\" content=\"Bundesweiter Kinostart f\u00fcr &#039;Wei\u00dft du noch&#039; am 21. September 2023 - Relevant Film\" \/>\n<meta property=\"og:url\" content=\"https:\/\/relevantfilm.de\/?p=2872\" \/>\n<meta property=\"og:site_name\" content=\"Relevant Film\" \/>\n<meta property=\"article:published_time\" content=\"2023-09-19T15:50:54+00:00\" \/>\n<meta property=\"article:modified_time\" content=\"2026-04-21T18:32:11+00:00\" \/>\n<meta property=\"og:image\" content=\"https:\/\/relevantfilm.de\/wp-content\/uploads\/2023\/06\/Weisst-du-noch_1244klein-e1696950827939.jpg\" \/>\n\t<meta property=\"og:image:width\" content=\"1472\" \/>\n\t<meta property=\"og:image:height\" content=\"792\" \/>\n\t<meta property=\"og:image:type\" content=\"image\/jpeg\" \/>\n<meta name=\"author\" content=\"Judica Schrammeck\" \/>\n<meta name=\"twitter:card\" content=\"summary_large_image\" \/>\n<meta name=\"twitter:label1\" content=\"Verfasst von\" \/>\n\t<meta name=\"twitter:data1\" content=\"Judica Schrammeck\" \/>\n\t<meta name=\"twitter:label2\" content=\"Gesch\u00e4tzte Lesezeit\" \/>\n\t<meta name=\"twitter:data2\" content=\"2\u00a0Minuten\" \/>\n<script type=\"application\/ld+json\" class=\"yoast-schema-graph\">{\"@context\":\"https:\\\/\\\/schema.org\",\"@graph\":[{\"@type\":\"Article\",\"@id\":\"https:\\\/\\\/relevantfilm.de\\\/?p=2872#article\",\"isPartOf\":{\"@id\":\"https:\\\/\\\/relevantfilm.de\\\/?p=2872\"},\"author\":{\"name\":\"Judica Schrammeck\",\"@id\":\"https:\\\/\\\/relevantfilm.de\\\/#\\\/schema\\\/person\\\/e958a283c85c399b0c52c732f5c60228\"},\"headline\":\"Bundesweiter Kinostart f\u00fcr &#8218;Wei\u00dft du noch&#8216; am 21. September 2023\",\"datePublished\":\"2023-09-19T15:50:54+00:00\",\"dateModified\":\"2026-04-21T18:32:11+00:00\",\"mainEntityOfPage\":{\"@id\":\"https:\\\/\\\/relevantfilm.de\\\/?p=2872\"},\"wordCount\":305,\"image\":{\"@id\":\"https:\\\/\\\/relevantfilm.de\\\/?p=2872#primaryimage\"},\"thumbnailUrl\":\"https:\\\/\\\/relevantfilm.de\\\/wp-content\\\/uploads\\\/2023\\\/06\\\/Weisst-du-noch_1244klein-e1696950827939.jpg\",\"articleSection\":[\"Aktueller Film\"],\"inLanguage\":\"de\"},{\"@type\":\"WebPage\",\"@id\":\"https:\\\/\\\/relevantfilm.de\\\/?p=2872\",\"url\":\"https:\\\/\\\/relevantfilm.de\\\/?p=2872\",\"name\":\"Bundesweiter Kinostart f\u00fcr 'Wei\u00dft du noch' am 21. September 2023 - Relevant Film\",\"isPartOf\":{\"@id\":\"https:\\\/\\\/relevantfilm.de\\\/#website\"},\"primaryImageOfPage\":{\"@id\":\"https:\\\/\\\/relevantfilm.de\\\/?p=2872#primaryimage\"},\"image\":{\"@id\":\"https:\\\/\\\/relevantfilm.de\\\/?p=2872#primaryimage\"},\"thumbnailUrl\":\"https:\\\/\\\/relevantfilm.de\\\/wp-content\\\/uploads\\\/2023\\\/06\\\/Weisst-du-noch_1244klein-e1696950827939.jpg\",\"datePublished\":\"2023-09-19T15:50:54+00:00\",\"dateModified\":\"2026-04-21T18:32:11+00:00\",\"author\":{\"@id\":\"https:\\\/\\\/relevantfilm.de\\\/#\\\/schema\\\/person\\\/e958a283c85c399b0c52c732f5c60228\"},\"breadcrumb\":{\"@id\":\"https:\\\/\\\/relevantfilm.de\\\/?p=2872#breadcrumb\"},\"inLanguage\":\"de\",\"potentialAction\":[{\"@type\":\"ReadAction\",\"target\":[\"https:\\\/\\\/relevantfilm.de\\\/?p=2872\"]}]},{\"@type\":\"ImageObject\",\"inLanguage\":\"de\",\"@id\":\"https:\\\/\\\/relevantfilm.de\\\/?p=2872#primaryimage\",\"url\":\"https:\\\/\\\/relevantfilm.de\\\/wp-content\\\/uploads\\\/2023\\\/06\\\/Weisst-du-noch_1244klein-e1696950827939.jpg\",\"contentUrl\":\"https:\\\/\\\/relevantfilm.de\\\/wp-content\\\/uploads\\\/2023\\\/06\\\/Weisst-du-noch_1244klein-e1696950827939.jpg\",\"width\":1472,\"height\":792,\"caption\":\"Durch die Diaschau kommen Erinnerungen auf. im Bild: G\u00fcnther Maria Halmer, Senta Berger\"},{\"@type\":\"BreadcrumbList\",\"@id\":\"https:\\\/\\\/relevantfilm.de\\\/?p=2872#breadcrumb\",\"itemListElement\":[{\"@type\":\"ListItem\",\"position\":1,\"name\":\"Startseite\",\"item\":\"https:\\\/\\\/relevantfilm.de\\\/\"},{\"@type\":\"ListItem\",\"position\":2,\"name\":\"Bundesweiter Kinostart f\u00fcr &#8218;Wei\u00dft du noch&#8216; am 21. September 2023\"}]},{\"@type\":\"WebSite\",\"@id\":\"https:\\\/\\\/relevantfilm.de\\\/#website\",\"url\":\"https:\\\/\\\/relevantfilm.de\\\/\",\"name\":\"Relevant Film\",\"description\":\"Filmproduktion Hamburg\",\"potentialAction\":[{\"@type\":\"SearchAction\",\"target\":{\"@type\":\"EntryPoint\",\"urlTemplate\":\"https:\\\/\\\/relevantfilm.de\\\/?s={search_term_string}\"},\"query-input\":{\"@type\":\"PropertyValueSpecification\",\"valueRequired\":true,\"valueName\":\"search_term_string\"}}],\"inLanguage\":\"de\"},{\"@type\":\"Person\",\"@id\":\"https:\\\/\\\/relevantfilm.de\\\/#\\\/schema\\\/person\\\/e958a283c85c399b0c52c732f5c60228\",\"name\":\"Judica Schrammeck\",\"image\":{\"@type\":\"ImageObject\",\"inLanguage\":\"de\",\"@id\":\"https:\\\/\\\/secure.gravatar.com\\\/avatar\\\/b19e9ce218a797f1052c4030b2e615bf8ee2784409b0cedc8c6e44506f5df67d?s=96&d=mm&r=g\",\"url\":\"https:\\\/\\\/secure.gravatar.com\\\/avatar\\\/b19e9ce218a797f1052c4030b2e615bf8ee2784409b0cedc8c6e44506f5df67d?s=96&d=mm&r=g\",\"contentUrl\":\"https:\\\/\\\/secure.gravatar.com\\\/avatar\\\/b19e9ce218a797f1052c4030b2e615bf8ee2784409b0cedc8c6e44506f5df67d?s=96&d=mm&r=g\",\"caption\":\"Judica Schrammeck\"},\"sameAs\":[\"https:\\\/\\\/relevantfilm.de\\\/\"],\"url\":\"https:\\\/\\\/relevantfilm.de\\\/?author=3\"}]}<\/script>\n<!-- \/ Yoast SEO plugin. -->","yoast_head_json":{"title":"Bundesweiter Kinostart f\u00fcr 'Wei\u00dft du noch' am 21. September 2023 - Relevant Film","robots":{"index":"index","follow":"follow","max-snippet":"max-snippet:-1","max-image-preview":"max-image-preview:large","max-video-preview":"max-video-preview:-1"},"canonical":"https:\/\/relevantfilm.de\/?p=2872","og_locale":"de_DE","og_type":"article","og_title":"Bundesweiter Kinostart f\u00fcr 'Wei\u00dft du noch' am 21. September 2023 - Relevant Film","og_url":"https:\/\/relevantfilm.de\/?p=2872","og_site_name":"Relevant Film","article_published_time":"2023-09-19T15:50:54+00:00","article_modified_time":"2026-04-21T18:32:11+00:00","og_image":[{"width":1472,"height":792,"url":"https:\/\/relevantfilm.de\/wp-content\/uploads\/2023\/06\/Weisst-du-noch_1244klein-e1696950827939.jpg","type":"image\/jpeg"}],"author":"Judica Schrammeck","twitter_card":"summary_large_image","twitter_misc":{"Verfasst von":"Judica Schrammeck","Gesch\u00e4tzte Lesezeit":"2\u00a0Minuten"},"schema":{"@context":"https:\/\/schema.org","@graph":[{"@type":"Article","@id":"https:\/\/relevantfilm.de\/?p=2872#article","isPartOf":{"@id":"https:\/\/relevantfilm.de\/?p=2872"},"author":{"name":"Judica Schrammeck","@id":"https:\/\/relevantfilm.de\/#\/schema\/person\/e958a283c85c399b0c52c732f5c60228"},"headline":"Bundesweiter Kinostart f\u00fcr &#8218;Wei\u00dft du noch&#8216; am 21. September 2023","datePublished":"2023-09-19T15:50:54+00:00","dateModified":"2026-04-21T18:32:11+00:00","mainEntityOfPage":{"@id":"https:\/\/relevantfilm.de\/?p=2872"},"wordCount":305,"image":{"@id":"https:\/\/relevantfilm.de\/?p=2872#primaryimage"},"thumbnailUrl":"https:\/\/relevantfilm.de\/wp-content\/uploads\/2023\/06\/Weisst-du-noch_1244klein-e1696950827939.jpg","articleSection":["Aktueller Film"],"inLanguage":"de"},{"@type":"WebPage","@id":"https:\/\/relevantfilm.de\/?p=2872","url":"https:\/\/relevantfilm.de\/?p=2872","name":"Bundesweiter Kinostart f\u00fcr 'Wei\u00dft du noch' am 21. September 2023 - Relevant Film","isPartOf":{"@id":"https:\/\/relevantfilm.de\/#website"},"primaryImageOfPage":{"@id":"https:\/\/relevantfilm.de\/?p=2872#primaryimage"},"image":{"@id":"https:\/\/relevantfilm.de\/?p=2872#primaryimage"},"thumbnailUrl":"https:\/\/relevantfilm.de\/wp-content\/uploads\/2023\/06\/Weisst-du-noch_1244klein-e1696950827939.jpg","datePublished":"2023-09-19T15:50:54+00:00","dateModified":"2026-04-21T18:32:11+00:00","author":{"@id":"https:\/\/relevantfilm.de\/#\/schema\/person\/e958a283c85c399b0c52c732f5c60228"},"breadcrumb":{"@id":"https:\/\/relevantfilm.de\/?p=2872#breadcrumb"},"inLanguage":"de","potentialAction":[{"@type":"ReadAction","target":["https:\/\/relevantfilm.de\/?p=2872"]}]},{"@type":"ImageObject","inLanguage":"de","@id":"https:\/\/relevantfilm.de\/?p=2872#primaryimage","url":"https:\/\/relevantfilm.de\/wp-content\/uploads\/2023\/06\/Weisst-du-noch_1244klein-e1696950827939.jpg","contentUrl":"https:\/\/relevantfilm.de\/wp-content\/uploads\/2023\/06\/Weisst-du-noch_1244klein-e1696950827939.jpg","width":1472,"height":792,"caption":"Durch die Diaschau kommen Erinnerungen auf. im Bild: G\u00fcnther Maria Halmer, Senta Berger"},{"@type":"BreadcrumbList","@id":"https:\/\/relevantfilm.de\/?p=2872#breadcrumb","itemListElement":[{"@type":"ListItem","position":1,"name":"Startseite","item":"https:\/\/relevantfilm.de\/"},{"@type":"ListItem","position":2,"name":"Bundesweiter Kinostart f\u00fcr &#8218;Wei\u00dft du noch&#8216; am 21. September 2023"}]},{"@type":"WebSite","@id":"https:\/\/relevantfilm.de\/#website","url":"https:\/\/relevantfilm.de\/","name":"Relevant Film","description":"Filmproduktion Hamburg","potentialAction":[{"@type":"SearchAction","target":{"@type":"EntryPoint","urlTemplate":"https:\/\/relevantfilm.de\/?s={search_term_string}"},"query-input":{"@type":"PropertyValueSpecification","valueRequired":true,"valueName":"search_term_string"}}],"inLanguage":"de"},{"@type":"Person","@id":"https:\/\/relevantfilm.de\/#\/schema\/person\/e958a283c85c399b0c52c732f5c60228","name":"Judica Schrammeck","image":{"@type":"ImageObject","inLanguage":"de","@id":"https:\/\/secure.gravatar.com\/avatar\/b19e9ce218a797f1052c4030b2e615bf8ee2784409b0cedc8c6e44506f5df67d?s=96&d=mm&r=g","url":"https:\/\/secure.gravatar.com\/avatar\/b19e9ce218a797f1052c4030b2e615bf8ee2784409b0cedc8c6e44506f5df67d?s=96&d=mm&r=g","contentUrl":"https:\/\/secure.gravatar.com\/avatar\/b19e9ce218a797f1052c4030b2e615bf8ee2784409b0cedc8c6e44506f5df67d?s=96&d=mm&r=g","caption":"Judica Schrammeck"},"sameAs":["https:\/\/relevantfilm.de\/"],"url":"https:\/\/relevantfilm.de\/?author=3"}]}},"_links":{"self":[{"href":"https:\/\/relevantfilm.de\/index.php?rest_route=\/wp\/v2\/posts\/2872","targetHints":{"allow":["GET"]}}],"collection":[{"href":"https:\/\/relevantfilm.de\/index.php?rest_route=\/wp\/v2\/posts"}],"about":[{"href":"https:\/\/relevantfilm.de\/index.php?rest_route=\/wp\/v2\/types\/post"}],"author":[{"embeddable":true,"href":"https:\/\/relevantfilm.de\/index.php?rest_route=\/wp\/v2\/users\/3"}],"replies":[{"embeddable":true,"href":"https:\/\/relevantfilm.de\/index.php?rest_route=%2Fwp%2Fv2%2Fcomments&post=2872"}],"version-history":[{"count":18,"href":"https:\/\/relevantfilm.de\/index.php?rest_route=\/wp\/v2\/posts\/2872\/revisions"}],"predecessor-version":[{"id":3166,"href":"https:\/\/relevantfilm.de\/index.php?rest_route=\/wp\/v2\/posts\/2872\/revisions\/3166"}],"wp:featuredmedia":[{"embeddable":true,"href":"https:\/\/relevantfilm.de\/index.php?rest_route=\/wp\/v2\/media\/2779"}],"wp:attachment":[{"href":"https:\/\/relevantfilm.de\/index.php?rest_route=%2Fwp%2Fv2%2Fmedia&parent=2872"}],"wp:term":[{"taxonomy":"category","embeddable":true,"href":"https:\/\/relevantfilm.de\/index.php?rest_route=%2Fwp%2Fv2%2Fcategories&post=2872"},{"taxonomy":"post_tag","embeddable":true,"href":"https:\/\/relevantfilm.de\/index.php?rest_route=%2Fwp%2Fv2%2Ftags&post=2872"},{"taxonomy":"post_flag","embeddable":true,"href":"https:\/\/relevantfilm.de\/index.php?rest_route=%2Fwp%2Fv2%2Fpost_flags&post=2872"}],"curies":[{"name":"wp","href":"https:\/\/api.w.org\/{rel}","templated":true}]}}