{"id":2978,"date":"2024-05-21T15:30:00","date_gmt":"2024-05-21T13:30:00","guid":{"rendered":"https:\/\/relevantfilm.de\/?p=2978"},"modified":"2026-04-21T20:32:11","modified_gmt":"2026-04-21T18:32:11","slug":"drehstart-fuer-swr-krimidrama-geschmolzene-scherben","status":"publish","type":"post","link":"https:\/\/relevantfilm.de\/?p=2978","title":{"rendered":"Filmfest M\u00fcnchen: SWR-Krimidrama: &#8218;Wer ohne Schuld ist&#8216;"},"content":{"rendered":"\n<p class=\"has-medium-font-size\"><strong>Unter dem Arbeitstitel &#8218;Geschmolzene Scherben&#8216;:  Ein Drama \u00fcber Sucht, Kontrolle und D\u00e4monen, die mal in der Vergangenheit \u2013 und mal am Grunde eines Bierkruges lauern.<\/strong><\/p>\n\n\n\n<p>Das Dorffest, viel Alkohol, ein Streit \u2013 als am n\u00e4chsten Morgen ein Toter gefunden wird, wird der junge Paul den Verdacht nicht los, dass er im Rausch jemanden umgebracht hat. Im Raum Reutlingen fanden die Dreharbeiten zu dem Krimidrama &#8222;Wer ohne Schuld ist&#8220; (Arbeitstitel \u201eGeschmolzene Scherben\u201c) statt, das wir im Auftrag des <strong>SWR<\/strong> f\u00fcr die ARD produzieren. Regie f\u00fchrt <strong>Sabrina Sarabi<\/strong>, das Drehbuch stammt von <strong>Lilly Bogenberger<\/strong> und <strong>David Weichelt<\/strong>. Mit <strong>Lou Strenger<\/strong> als Ermittlerin sowie<strong> Aaron Hilmer<\/strong>, <strong>Max Wolter<\/strong>, <strong>Sohel Altan Gol<\/strong>, <strong>Johanna G\u00f6tting<\/strong> und <strong>\u00d6zg\u00fcr Karadeniz<\/strong> erz\u00e4hlt der Film von allt\u00e4glichem Alkoholmissbrauch und der Schwierigkeit, sich aus einge\u00fcbten Verhaltensweisen zu l\u00f6sen.<\/p>\n\n\n\n<p><strong>Weltpremiere wird unser Film im Juli 2024 auf dem Filmfest M\u00fcnchen feiern<\/strong>! Damit ist der Film auch f\u00fcr den Bernd-Burgemeister-Preis 2024 nominiert. Die Termine: Dienstag, 2. Juli um 15 Uhr im Gloria Palast M\u00fcnchen sowie am Freitag, 5. Juli um 12:30 Uhr im Kino 1 HFF M\u00fcnchen.<\/p>\n\n\n\n<p><a href=\"https:\/\/www.filmfest-muenchen.de\/de\/programm\/filme\/film\/?id=7627&amp;f=118\">Link zur Festivalseite<\/a><\/p>\n\n\n\n<p><\/p>\n\n\n\n<p>Paul (<strong>Aaron Hilmer<\/strong>) ist 25 und arbeitet in seinem Heimatdorf Dornbach als Erzieher. Er ist unsicher, was seine Zukunft angeht, und trinkt mit seinen Freunden alle Zweifel einfach weg. Als nach dem Dorffest die Leiche des jungen Adem (<strong>Georg Paluza<\/strong>) gefunden wird, beginnt Paul, an seinen Erinnerungen an die Nacht zu zweifeln. Die Bruchst\u00fccke, an die er sich aus dem Alkoholrausch noch erinnert, zeigen Flammen, Streit, Blut. Hat er etwas mit Adems Tod zu tun? Kriminalkommissarin Anita (<strong>Lou Strenger<\/strong>) kehrt f\u00fcr die Ermittlungen eher widerwillig in ihr Heimatdorf zur\u00fcck. Sie kennt Cliquen wie die von Paul, seinem Freund Heiliger (<strong>Max Wolter<\/strong>) und dessen Schwester Pia (<strong>Johanna G\u00f6tting<\/strong>) nur zu gut und hat aus ihrer Jugendzeit Wunden davongetragen. Gemeinsam mit ihrem Kollegen Mike (<strong>Sohel Altan Gol<\/strong>) versucht sie, Licht ins Dunkel zu bringen, muss sich jedoch auch mit ihrer Vergangenheit auseinandersetzen und sich als Kommissarin beweisen.<\/p>\n\n\n\n<p><a href=\"https:\/\/relevantfilm.de\/?movie=wer-ohne-schuld-ist\">Link zur Filmseite<\/a><\/p>\n\n\n\n<p>Redakteurin im SWR ist <strong>Katharina Dufner<\/strong>. Produzentin <strong>Heike Wiehle-Timm<\/strong>, Producerin <strong>Rieke Bubert<\/strong>, die Bildgestaltung liegt bei <strong>Micha\u0142 Grabowski<\/strong>. <\/p>\n\n\n\n<p>In weiteren Rollen sind <strong>Antonia Moretti, \u00d6zg\u00fcr Karadeniz, Georg Paluza, Maximilian Klas, Bineta Hansen, Andreas Warmbrunn<\/strong>, <strong>Roberto Martinez, Christina Gei\u00dfe, Ralph H\u00f6nicke, Barbara Bernt, Constanze Weinig, Saskia Rosendahl, Leonie Jacobs, Jakob Spiegler<\/strong> und viele andere zu sehen.<\/p>\n\n\n\n<p><\/p>\n\n\n\n<p>Casting <strong>Marion Haack<\/strong> | Szenenbild <strong>Tanja Arlt<\/strong> | Kost\u00fcm <strong>Elisabeth Kesten<\/strong> | Maske <strong>Lydia Gei\u00dfler, Tanja Lipka <\/strong>| Schnitt <strong>Anna Nekarda<\/strong> | Komponist <strong>Andreas Pfeiffer<\/strong> | Produktionsleitung <strong>Peter Nawrotzki<\/strong> | <\/p>\n\n\n\n<p><\/p>\n\n\n\n<p>Die Dreharbeiten fanden im Oktober 2023 in Reutlingen und Umgebung statt. Ein Ausstrahlungstermin ist f\u00fcr Herbst 2024 avisiert.<\/p>\n\n\n\n<p><\/p>\n\n\n\n<p class=\"has-small-font-size\">Bildnachweis | \u201aGeschmolzene Scherben\u2018 \u00a9 SWR | Anita Kr\u00e4mer<\/p>\n","protected":false},"excerpt":{"rendered":"<p>Unter dem Arbeitstitel &#8218;Geschmolzene Scherben&#8216;: Ein Drama \u00fcber Sucht, Kontrolle und D\u00e4monen, die mal in der Vergangenheit \u2013 und mal am Grunde eines Bierkruges lauern. Das Dorffest, viel Alkohol, ein Streit \u2013 als am n\u00e4chsten Morgen ein Toter gefunden wird, wird der junge Paul den Verdacht nicht los, dass er im Rausch jemanden umgebracht hat. [&hellip;]<\/p>\n","protected":false},"author":3,"featured_media":3232,"comment_status":"closed","ping_status":"closed","sticky":false,"template":"","format":"standard","meta":{"_acf_changed":false,"footnotes":""},"categories":[20,23],"tags":[],"post_flags":[],"class_list":["post-2978","post","type-post","status-publish","format-standard","has-post-thumbnail","hentry","category-in-produktion","category-aktueller-film"],"acf":[],"yoast_head":"<!-- This site is optimized with the Yoast SEO plugin v27.5 - https:\/\/yoast.com\/product\/yoast-seo-wordpress\/ -->\n<title>Filmfest M\u00fcnchen: SWR-Krimidrama: &#039;Wer ohne Schuld ist&#039; - Relevant Film<\/title>\n<meta name=\"robots\" content=\"index, follow, max-snippet:-1, max-image-preview:large, max-video-preview:-1\" \/>\n<link rel=\"canonical\" href=\"https:\/\/relevantfilm.de\/?p=2978\" \/>\n<meta property=\"og:locale\" content=\"de_DE\" \/>\n<meta property=\"og:type\" content=\"article\" \/>\n<meta property=\"og:title\" content=\"Filmfest M\u00fcnchen: SWR-Krimidrama: &#039;Wer ohne Schuld ist&#039; - Relevant Film\" \/>\n<meta property=\"og:description\" content=\"Unter dem Arbeitstitel &#8218;Geschmolzene Scherben&#8216;: Ein Drama \u00fcber Sucht, Kontrolle und D\u00e4monen, die mal in der Vergangenheit \u2013 und mal am Grunde eines Bierkruges lauern. Das Dorffest, viel Alkohol, ein Streit \u2013 als am n\u00e4chsten Morgen ein Toter gefunden wird, wird der junge Paul den Verdacht nicht los, dass er im Rausch jemanden umgebracht hat. [&hellip;]\" \/>\n<meta property=\"og:url\" content=\"https:\/\/relevantfilm.de\/?p=2978\" \/>\n<meta property=\"og:site_name\" content=\"Relevant Film\" \/>\n<meta property=\"article:published_time\" content=\"2024-05-21T13:30:00+00:00\" \/>\n<meta property=\"article:modified_time\" content=\"2026-04-21T18:32:11+00:00\" \/>\n<meta property=\"og:image\" content=\"https:\/\/relevantfilm.de\/wp-content\/uploads\/2024\/04\/DSC01454_V1-1-scaled.jpg\" \/>\n\t<meta property=\"og:image:width\" content=\"2560\" \/>\n\t<meta property=\"og:image:height\" content=\"764\" \/>\n\t<meta property=\"og:image:type\" content=\"image\/jpeg\" \/>\n<meta name=\"author\" content=\"Judica Schrammeck\" \/>\n<meta name=\"twitter:card\" content=\"summary_large_image\" \/>\n<meta name=\"twitter:label1\" content=\"Verfasst von\" \/>\n\t<meta name=\"twitter:data1\" content=\"Judica Schrammeck\" \/>\n\t<meta name=\"twitter:label2\" content=\"Gesch\u00e4tzte Lesezeit\" \/>\n\t<meta name=\"twitter:data2\" content=\"3\u00a0Minuten\" \/>\n<script type=\"application\/ld+json\" class=\"yoast-schema-graph\">{\"@context\":\"https:\\\/\\\/schema.org\",\"@graph\":[{\"@type\":\"Article\",\"@id\":\"https:\\\/\\\/relevantfilm.de\\\/?p=2978#article\",\"isPartOf\":{\"@id\":\"https:\\\/\\\/relevantfilm.de\\\/?p=2978\"},\"author\":{\"name\":\"Judica Schrammeck\",\"@id\":\"https:\\\/\\\/relevantfilm.de\\\/#\\\/schema\\\/person\\\/e958a283c85c399b0c52c732f5c60228\"},\"headline\":\"Filmfest M\u00fcnchen: SWR-Krimidrama: &#8218;Wer ohne Schuld ist&#8216;\",\"datePublished\":\"2024-05-21T13:30:00+00:00\",\"dateModified\":\"2026-04-21T18:32:11+00:00\",\"mainEntityOfPage\":{\"@id\":\"https:\\\/\\\/relevantfilm.de\\\/?p=2978\"},\"wordCount\":449,\"image\":{\"@id\":\"https:\\\/\\\/relevantfilm.de\\\/?p=2978#primaryimage\"},\"thumbnailUrl\":\"https:\\\/\\\/relevantfilm.de\\\/wp-content\\\/uploads\\\/2024\\\/04\\\/DSC01454_V1-1-scaled.jpg\",\"articleSection\":[\"In Produktion\",\"Aktueller Film\"],\"inLanguage\":\"de\"},{\"@type\":\"WebPage\",\"@id\":\"https:\\\/\\\/relevantfilm.de\\\/?p=2978\",\"url\":\"https:\\\/\\\/relevantfilm.de\\\/?p=2978\",\"name\":\"Filmfest M\u00fcnchen: SWR-Krimidrama: 'Wer ohne Schuld ist' - Relevant Film\",\"isPartOf\":{\"@id\":\"https:\\\/\\\/relevantfilm.de\\\/#website\"},\"primaryImageOfPage\":{\"@id\":\"https:\\\/\\\/relevantfilm.de\\\/?p=2978#primaryimage\"},\"image\":{\"@id\":\"https:\\\/\\\/relevantfilm.de\\\/?p=2978#primaryimage\"},\"thumbnailUrl\":\"https:\\\/\\\/relevantfilm.de\\\/wp-content\\\/uploads\\\/2024\\\/04\\\/DSC01454_V1-1-scaled.jpg\",\"datePublished\":\"2024-05-21T13:30:00+00:00\",\"dateModified\":\"2026-04-21T18:32:11+00:00\",\"author\":{\"@id\":\"https:\\\/\\\/relevantfilm.de\\\/#\\\/schema\\\/person\\\/e958a283c85c399b0c52c732f5c60228\"},\"breadcrumb\":{\"@id\":\"https:\\\/\\\/relevantfilm.de\\\/?p=2978#breadcrumb\"},\"inLanguage\":\"de\",\"potentialAction\":[{\"@type\":\"ReadAction\",\"target\":[\"https:\\\/\\\/relevantfilm.de\\\/?p=2978\"]}]},{\"@type\":\"ImageObject\",\"inLanguage\":\"de\",\"@id\":\"https:\\\/\\\/relevantfilm.de\\\/?p=2978#primaryimage\",\"url\":\"https:\\\/\\\/relevantfilm.de\\\/wp-content\\\/uploads\\\/2024\\\/04\\\/DSC01454_V1-1-scaled.jpg\",\"contentUrl\":\"https:\\\/\\\/relevantfilm.de\\\/wp-content\\\/uploads\\\/2024\\\/04\\\/DSC01454_V1-1-scaled.jpg\",\"width\":2560,\"height\":764},{\"@type\":\"BreadcrumbList\",\"@id\":\"https:\\\/\\\/relevantfilm.de\\\/?p=2978#breadcrumb\",\"itemListElement\":[{\"@type\":\"ListItem\",\"position\":1,\"name\":\"Startseite\",\"item\":\"https:\\\/\\\/relevantfilm.de\\\/\"},{\"@type\":\"ListItem\",\"position\":2,\"name\":\"Filmfest M\u00fcnchen: SWR-Krimidrama: &#8218;Wer ohne Schuld ist&#8216;\"}]},{\"@type\":\"WebSite\",\"@id\":\"https:\\\/\\\/relevantfilm.de\\\/#website\",\"url\":\"https:\\\/\\\/relevantfilm.de\\\/\",\"name\":\"Relevant Film\",\"description\":\"Filmproduktion Hamburg\",\"potentialAction\":[{\"@type\":\"SearchAction\",\"target\":{\"@type\":\"EntryPoint\",\"urlTemplate\":\"https:\\\/\\\/relevantfilm.de\\\/?s={search_term_string}\"},\"query-input\":{\"@type\":\"PropertyValueSpecification\",\"valueRequired\":true,\"valueName\":\"search_term_string\"}}],\"inLanguage\":\"de\"},{\"@type\":\"Person\",\"@id\":\"https:\\\/\\\/relevantfilm.de\\\/#\\\/schema\\\/person\\\/e958a283c85c399b0c52c732f5c60228\",\"name\":\"Judica Schrammeck\",\"image\":{\"@type\":\"ImageObject\",\"inLanguage\":\"de\",\"@id\":\"https:\\\/\\\/secure.gravatar.com\\\/avatar\\\/b19e9ce218a797f1052c4030b2e615bf8ee2784409b0cedc8c6e44506f5df67d?s=96&d=mm&r=g\",\"url\":\"https:\\\/\\\/secure.gravatar.com\\\/avatar\\\/b19e9ce218a797f1052c4030b2e615bf8ee2784409b0cedc8c6e44506f5df67d?s=96&d=mm&r=g\",\"contentUrl\":\"https:\\\/\\\/secure.gravatar.com\\\/avatar\\\/b19e9ce218a797f1052c4030b2e615bf8ee2784409b0cedc8c6e44506f5df67d?s=96&d=mm&r=g\",\"caption\":\"Judica Schrammeck\"},\"sameAs\":[\"https:\\\/\\\/relevantfilm.de\\\/\"],\"url\":\"https:\\\/\\\/relevantfilm.de\\\/?author=3\"}]}<\/script>\n<!-- \/ Yoast SEO plugin. -->","yoast_head_json":{"title":"Filmfest M\u00fcnchen: SWR-Krimidrama: 'Wer ohne Schuld ist' - Relevant Film","robots":{"index":"index","follow":"follow","max-snippet":"max-snippet:-1","max-image-preview":"max-image-preview:large","max-video-preview":"max-video-preview:-1"},"canonical":"https:\/\/relevantfilm.de\/?p=2978","og_locale":"de_DE","og_type":"article","og_title":"Filmfest M\u00fcnchen: SWR-Krimidrama: 'Wer ohne Schuld ist' - Relevant Film","og_description":"Unter dem Arbeitstitel &#8218;Geschmolzene Scherben&#8216;: Ein Drama \u00fcber Sucht, Kontrolle und D\u00e4monen, die mal in der Vergangenheit \u2013 und mal am Grunde eines Bierkruges lauern. Das Dorffest, viel Alkohol, ein Streit \u2013 als am n\u00e4chsten Morgen ein Toter gefunden wird, wird der junge Paul den Verdacht nicht los, dass er im Rausch jemanden umgebracht hat. [&hellip;]","og_url":"https:\/\/relevantfilm.de\/?p=2978","og_site_name":"Relevant Film","article_published_time":"2024-05-21T13:30:00+00:00","article_modified_time":"2026-04-21T18:32:11+00:00","og_image":[{"width":2560,"height":764,"url":"https:\/\/relevantfilm.de\/wp-content\/uploads\/2024\/04\/DSC01454_V1-1-scaled.jpg","type":"image\/jpeg"}],"author":"Judica Schrammeck","twitter_card":"summary_large_image","twitter_misc":{"Verfasst von":"Judica Schrammeck","Gesch\u00e4tzte Lesezeit":"3\u00a0Minuten"},"schema":{"@context":"https:\/\/schema.org","@graph":[{"@type":"Article","@id":"https:\/\/relevantfilm.de\/?p=2978#article","isPartOf":{"@id":"https:\/\/relevantfilm.de\/?p=2978"},"author":{"name":"Judica Schrammeck","@id":"https:\/\/relevantfilm.de\/#\/schema\/person\/e958a283c85c399b0c52c732f5c60228"},"headline":"Filmfest M\u00fcnchen: SWR-Krimidrama: &#8218;Wer ohne Schuld ist&#8216;","datePublished":"2024-05-21T13:30:00+00:00","dateModified":"2026-04-21T18:32:11+00:00","mainEntityOfPage":{"@id":"https:\/\/relevantfilm.de\/?p=2978"},"wordCount":449,"image":{"@id":"https:\/\/relevantfilm.de\/?p=2978#primaryimage"},"thumbnailUrl":"https:\/\/relevantfilm.de\/wp-content\/uploads\/2024\/04\/DSC01454_V1-1-scaled.jpg","articleSection":["In Produktion","Aktueller Film"],"inLanguage":"de"},{"@type":"WebPage","@id":"https:\/\/relevantfilm.de\/?p=2978","url":"https:\/\/relevantfilm.de\/?p=2978","name":"Filmfest M\u00fcnchen: SWR-Krimidrama: 'Wer ohne Schuld ist' - Relevant Film","isPartOf":{"@id":"https:\/\/relevantfilm.de\/#website"},"primaryImageOfPage":{"@id":"https:\/\/relevantfilm.de\/?p=2978#primaryimage"},"image":{"@id":"https:\/\/relevantfilm.de\/?p=2978#primaryimage"},"thumbnailUrl":"https:\/\/relevantfilm.de\/wp-content\/uploads\/2024\/04\/DSC01454_V1-1-scaled.jpg","datePublished":"2024-05-21T13:30:00+00:00","dateModified":"2026-04-21T18:32:11+00:00","author":{"@id":"https:\/\/relevantfilm.de\/#\/schema\/person\/e958a283c85c399b0c52c732f5c60228"},"breadcrumb":{"@id":"https:\/\/relevantfilm.de\/?p=2978#breadcrumb"},"inLanguage":"de","potentialAction":[{"@type":"ReadAction","target":["https:\/\/relevantfilm.de\/?p=2978"]}]},{"@type":"ImageObject","inLanguage":"de","@id":"https:\/\/relevantfilm.de\/?p=2978#primaryimage","url":"https:\/\/relevantfilm.de\/wp-content\/uploads\/2024\/04\/DSC01454_V1-1-scaled.jpg","contentUrl":"https:\/\/relevantfilm.de\/wp-content\/uploads\/2024\/04\/DSC01454_V1-1-scaled.jpg","width":2560,"height":764},{"@type":"BreadcrumbList","@id":"https:\/\/relevantfilm.de\/?p=2978#breadcrumb","itemListElement":[{"@type":"ListItem","position":1,"name":"Startseite","item":"https:\/\/relevantfilm.de\/"},{"@type":"ListItem","position":2,"name":"Filmfest M\u00fcnchen: SWR-Krimidrama: &#8218;Wer ohne Schuld ist&#8216;"}]},{"@type":"WebSite","@id":"https:\/\/relevantfilm.de\/#website","url":"https:\/\/relevantfilm.de\/","name":"Relevant Film","description":"Filmproduktion Hamburg","potentialAction":[{"@type":"SearchAction","target":{"@type":"EntryPoint","urlTemplate":"https:\/\/relevantfilm.de\/?s={search_term_string}"},"query-input":{"@type":"PropertyValueSpecification","valueRequired":true,"valueName":"search_term_string"}}],"inLanguage":"de"},{"@type":"Person","@id":"https:\/\/relevantfilm.de\/#\/schema\/person\/e958a283c85c399b0c52c732f5c60228","name":"Judica Schrammeck","image":{"@type":"ImageObject","inLanguage":"de","@id":"https:\/\/secure.gravatar.com\/avatar\/b19e9ce218a797f1052c4030b2e615bf8ee2784409b0cedc8c6e44506f5df67d?s=96&d=mm&r=g","url":"https:\/\/secure.gravatar.com\/avatar\/b19e9ce218a797f1052c4030b2e615bf8ee2784409b0cedc8c6e44506f5df67d?s=96&d=mm&r=g","contentUrl":"https:\/\/secure.gravatar.com\/avatar\/b19e9ce218a797f1052c4030b2e615bf8ee2784409b0cedc8c6e44506f5df67d?s=96&d=mm&r=g","caption":"Judica Schrammeck"},"sameAs":["https:\/\/relevantfilm.de\/"],"url":"https:\/\/relevantfilm.de\/?author=3"}]}},"_links":{"self":[{"href":"https:\/\/relevantfilm.de\/index.php?rest_route=\/wp\/v2\/posts\/2978","targetHints":{"allow":["GET"]}}],"collection":[{"href":"https:\/\/relevantfilm.de\/index.php?rest_route=\/wp\/v2\/posts"}],"about":[{"href":"https:\/\/relevantfilm.de\/index.php?rest_route=\/wp\/v2\/types\/post"}],"author":[{"embeddable":true,"href":"https:\/\/relevantfilm.de\/index.php?rest_route=\/wp\/v2\/users\/3"}],"replies":[{"embeddable":true,"href":"https:\/\/relevantfilm.de\/index.php?rest_route=%2Fwp%2Fv2%2Fcomments&post=2978"}],"version-history":[{"count":36,"href":"https:\/\/relevantfilm.de\/index.php?rest_route=\/wp\/v2\/posts\/2978\/revisions"}],"predecessor-version":[{"id":3449,"href":"https:\/\/relevantfilm.de\/index.php?rest_route=\/wp\/v2\/posts\/2978\/revisions\/3449"}],"wp:featuredmedia":[{"embeddable":true,"href":"https:\/\/relevantfilm.de\/index.php?rest_route=\/wp\/v2\/media\/3232"}],"wp:attachment":[{"href":"https:\/\/relevantfilm.de\/index.php?rest_route=%2Fwp%2Fv2%2Fmedia&parent=2978"}],"wp:term":[{"taxonomy":"category","embeddable":true,"href":"https:\/\/relevantfilm.de\/index.php?rest_route=%2Fwp%2Fv2%2Fcategories&post=2978"},{"taxonomy":"post_tag","embeddable":true,"href":"https:\/\/relevantfilm.de\/index.php?rest_route=%2Fwp%2Fv2%2Ftags&post=2978"},{"taxonomy":"post_flag","embeddable":true,"href":"https:\/\/relevantfilm.de\/index.php?rest_route=%2Fwp%2Fv2%2Fpost_flags&post=2978"}],"curies":[{"name":"wp","href":"https:\/\/api.w.org\/{rel}","templated":true}]}}