{"id":309,"date":"2021-12-01T10:27:03","date_gmt":"2021-12-01T09:27:03","guid":{"rendered":"https:\/\/relevantfilm.clusterzone.de\/?p=309"},"modified":"2026-04-21T20:32:11","modified_gmt":"2026-04-21T18:32:11","slug":"unsere-filme-in-der-weihnachtszeit","status":"publish","type":"post","link":"https:\/\/relevantfilm.de\/?p=309","title":{"rendered":"Unsere Filme in der Weihnachtszeit"},"content":{"rendered":"<p class=\"uk-text-lead\">Wir w\u00fcnschen Ihnen und Euch viel Freude in der Weihnachtszeit mit unseren relevanten Filmmomenten.<\/p>\n<p><!--more--><\/p>\n\n\n<p>Ein Taxi zur Bescherung<\/p>\n\n\n\n<p>Kurz vor Heiligabend f\u00e4hrt der Hamburger Taxifahrer (Dietmar B\u00e4r) seinen blinden Fahrgast (Max Riemelt) nach Bergroda ins Erzgebirge,<br>der endlich seine Internet-Bekanntschaft treffen m\u00f6chte. Der kuriose Trip wird zu einer Familienzusammenf\u00fchrung der anderen Art.<\/p>\n\n\n\n<p>Mit Dietmar B\u00e4r, Gabriele V\u00f6lsch, Max Riemelt, Nhung Hong, Marlene Tanczik, Sebastian Reusse, Christoph Kottenkamp, Clemens Kersten,<br>Katja Preu\u00df, Oliver T\u00f6rner u.a.I Regie: Dirk Kummer<\/p>\n\n\n\n<p>mehr zum Film finden Sie <a href=\"https:\/\/relevantfilm.de\/?portfolio=ein-taxi-zur-bescherung\"><strong>hier<\/strong><\/a><\/p>\n\n\n\n<p>ZDF, 18.12.2022, 20:15 Uhr<\/p>\n\n\n\n<p>und ab 02.12.2022 in der <a href=\"https:\/\/www.zdf.de\/filme\/filme-sonstige\/ein-taxi-zur-bescherung-100.html\">ZDF Mediathek<\/a><\/p>\n\n\n\n<p>Alice im Weihnachtsland<\/p>\n\n\n\n<p>Eine Hamburgerin in Oberbayern: Alice Cordes f\u00fchlt sich in der schneebedeckten Heimat ihres Freundes pudelwohl \u2013 nicht ahnend, dass sie<br>mit ihrem Liebes- und Gef\u00fchlsleben einem gro\u00dfen Missverst\u00e4ndnis erliegt. An Heiligabend wartet auf die patente K\u00f6chin eine \u201esch\u00f6ne Bescherung\u201c.<\/p>\n\n\n\n<p>Hier geht es zum<a href=\"https:\/\/www.zdf.de\/filme\/herzkino\/videos\/alice-im-weihnachtsland-trailer-102.html\"><strong> ZDF Trailer<\/strong><\/a><\/p>\n\n\n\n<p>Mit Aybi Era, Jochen Matschke, Daniel Gawlowski, Jutta Speidel, August Schm\u00f6lzer, Nina Hoger, Ilja Richter, Peter Franke u.a. I Regie: Petra K. Wagner<\/p>\n\n\n\n<p>mehr zum Film finden Sie<a href=\"https:\/\/relevantfilm.de\/?portfolio=alice-im-weihnachtsland\"><strong>hier<\/strong><\/a><\/p>\n\n\n\n<p>ZDF, 26.12.2022, 15.15 Uhr<\/p>\n\n\n\n<p>bis 03.12.22 in der<a href=\"https:\/\/www.zdf.de\/filme\/herzkino\/alice-im-weihnachtsland-100.html\"> ZDF Mediathek<\/a><\/p>\n\n\n\n<p>Weihnachten\u2026 ohne mich, mein Schatz!<\/p>\n\n\n\n<p>Johanna Welser hat keine Lust mehr. Als ihr Mann Ruprecht sie am Taxistand vergisst und statt einer Entschuldigung nur den eigenen Vorteil<br>im Sinn hat, probt die gut situierte Architektengattin nach 30 Ehejahren den Aufstand.<\/p>\n\n\n\n<p>Mit Jutta Speidel, Henry H\u00fcbchen, Gesine Cukrowski, Angela Roy, Stephan Kampwirth u. a.I Regie: Dennis Satin&nbsp; \u2013 mehr zum Film finden Sie<a href=\"https:\/\/relevantfilm.de\/?portfolio=weihnachten-ohne-mich-mein-schatz\"><strong> hier<\/strong><\/a><\/p>\n\n\n\n<p>Regie: Dennis Satin<\/p>\n\n\n\n<p>Das Erste, 11.12.2022, 15.30 Uhr<\/p>\n\n\n\n<p>3sat, 21.12.2022, 20:15 Uhr<\/p>\n\n\n\n<p>3sat, 22.12.2021, 03:15 Uhr<\/p>\n\n\n\n<p>Ein L\u00e4cheln nachts um vier<\/p>\n\n\n\n<p>Dezember in Hamburg: Die Stadt erstrahlt im Lichterglanz. Jule hat ihr Jura-Examen endlich in der Tasche und einen genauen Plan f\u00fcr ihr Leben.<br>Die charmante Zufallsbegegnung mit Max passt da so gar nicht rein.<\/p>\n\n\n\n<p>Mit Natalia Belitski, August Wittgenstein, Cornelia Froboess ,Tilo Pr\u00fcckner, Lucie Heinze u.a. I Regie: Jan R\u016f\u017ei\u010dka \u2013 mehr zum Film finden Sie <a href=\"https:\/\/relevantfilm.de\/?portfolio=ein-laecheln-nachts-um-vier\"><strong>hier<\/strong><\/a><\/p>\n\n\n\n<p>3sat, 17.12.2022, 16:00 Uhr<\/p>\n\n\n\n<p>und ab 28.11.22 in der <a href=\"https:\/\/www.zdf.de\/filme\/herzkino\/ein-laecheln-nachts-um-vier-100.html\">ZDF Mediathek<\/a><\/p>\n\n\n\n<p>Weihnachten im Schnee<\/p>\n\n\n\n<p>Die erwachsenen Geschwister Annika, Sanne und Bastian fallen aus allen Wolken: Weihnachten soll dieses Jahr im Schnee stattfinden,<br>genauer gesagt in einer H\u00fctte in Norwegen.<\/p>\n\n\n\n<p>Mit Ulrike Kriener, Katharina Sch\u00fcttler, Rainer Bock, Inez Bj\u00f8rg David, Janek Rieke, Anton Spieker, Luke Matt R\u00f6ntgen, Carsten Bj\u00f6rnlund,<br>Wencke Myhre u.a. I Regie: Till Franzen<\/p>\n\n\n\n<p>\u2013 mehr zum Film finden Sie<a href=\"https:\/\/relevantfilm.de\/?portfolio=weihnachten-im-schnee\"><strong>hier<\/strong><\/a><\/p>\n\n\n\n<p>3 Sat, 17.12.2022, 17:30 Uhr<\/p>\n\n\n\n<p>und ab 28.11.2022 in der <a href=\"https:\/\/www.zdf.de\/filme\/herzkino\/weihnachten-im-schnee-100.html\">&nbsp;ZDF Mediathek<\/a><\/p>\n\n\n\n<p>\u2026und noch mehr&nbsp; in den <a href=\"https:\/\/relevantfilm.de\/?p=1805\"><strong>Mediatheken<\/strong><\/a><\/p>\n\n\n\n<p>Bildnachweise<\/p>\n\n\n\n<p>&nbsp; \u201aEin Taxi zur Bescherung\u2018 \u00a9ZDF I Felix Abraham<\/p>\n\n\n\n<p>&nbsp; \u201aAlice im Weihnachtsland\u2018 \u00a9 ZDF | Jan Raiber<\/p>\n\n\n\n<p>\u201aWeihnachten\u2026 ohne mich, mein Schatz! \u00a9 ARD Degeto\/NDR I Georges Pauly<\/p>\n\n\n\n<p>\u201aEin L\u00e4cheln nachts um vier\u2018 \u00a9 ZDF Christine Schroeder \/ Sandra H\u00f6ver<\/p>\n\n\n\n<p>&nbsp;\u201aWeihnachten im Schnee\u2018 \u00a9 ZDF I Timo Moritz<\/p>\n","protected":false},"excerpt":{"rendered":"<p>Wir w\u00fcnschen Ihnen und Euch viel Freude in der Weihnachtszeit mit unseren relevanten Filmmomenten.<\/p>\n","protected":false},"author":3,"featured_media":1825,"comment_status":"closed","ping_status":"closed","sticky":false,"template":"","format":"standard","meta":{"_acf_changed":false,"footnotes":""},"categories":[21,23],"tags":[],"post_flags":[],"class_list":["post-309","post","type-post","status-publish","format-standard","has-post-thumbnail","hentry","category-in-mediatheken","category-aktueller-film"],"acf":[],"yoast_head":"<!-- This site is optimized with the Yoast SEO plugin v27.5 - https:\/\/yoast.com\/product\/yoast-seo-wordpress\/ -->\n<title>Unsere Filme in der Weihnachtszeit - Relevant Film<\/title>\n<meta name=\"robots\" content=\"index, follow, max-snippet:-1, max-image-preview:large, max-video-preview:-1\" \/>\n<link rel=\"canonical\" href=\"https:\/\/relevantfilm.de\/?p=309\" \/>\n<meta property=\"og:locale\" content=\"de_DE\" \/>\n<meta property=\"og:type\" content=\"article\" \/>\n<meta property=\"og:title\" content=\"Unsere Filme in der Weihnachtszeit - Relevant Film\" \/>\n<meta property=\"og:description\" content=\"Wir w\u00fcnschen Ihnen und Euch viel Freude in der Weihnachtszeit mit unseren relevanten Filmmomenten.\" \/>\n<meta property=\"og:url\" content=\"https:\/\/relevantfilm.de\/?p=309\" \/>\n<meta property=\"og:site_name\" content=\"Relevant Film\" \/>\n<meta property=\"article:published_time\" content=\"2021-12-01T09:27:03+00:00\" \/>\n<meta property=\"article:modified_time\" content=\"2026-04-21T18:32:11+00:00\" \/>\n<meta property=\"og:image\" content=\"https:\/\/relevantfilm.de\/wp-content\/uploads\/2023\/03\/Banner-Unsere-Filme-in-der-Weihnachtszeit-e1679806259969.jpg\" \/>\n\t<meta property=\"og:image:width\" content=\"2560\" \/>\n\t<meta property=\"og:image:height\" content=\"992\" \/>\n\t<meta property=\"og:image:type\" content=\"image\/jpeg\" \/>\n<meta name=\"author\" content=\"Judica Schrammeck\" \/>\n<meta name=\"twitter:card\" content=\"summary_large_image\" \/>\n<meta name=\"twitter:label1\" content=\"Verfasst von\" \/>\n\t<meta name=\"twitter:data1\" content=\"Judica Schrammeck\" \/>\n\t<meta name=\"twitter:label2\" content=\"Gesch\u00e4tzte Lesezeit\" \/>\n\t<meta name=\"twitter:data2\" content=\"2\u00a0Minuten\" \/>\n<script type=\"application\/ld+json\" class=\"yoast-schema-graph\">{\"@context\":\"https:\\\/\\\/schema.org\",\"@graph\":[{\"@type\":\"Article\",\"@id\":\"https:\\\/\\\/relevantfilm.de\\\/?p=309#article\",\"isPartOf\":{\"@id\":\"https:\\\/\\\/relevantfilm.de\\\/?p=309\"},\"author\":{\"name\":\"Judica Schrammeck\",\"@id\":\"https:\\\/\\\/relevantfilm.de\\\/#\\\/schema\\\/person\\\/e958a283c85c399b0c52c732f5c60228\"},\"headline\":\"Unsere Filme in der Weihnachtszeit\",\"datePublished\":\"2021-12-01T09:27:03+00:00\",\"dateModified\":\"2026-04-21T18:32:11+00:00\",\"mainEntityOfPage\":{\"@id\":\"https:\\\/\\\/relevantfilm.de\\\/?p=309\"},\"wordCount\":474,\"image\":{\"@id\":\"https:\\\/\\\/relevantfilm.de\\\/?p=309#primaryimage\"},\"thumbnailUrl\":\"https:\\\/\\\/relevantfilm.de\\\/wp-content\\\/uploads\\\/2023\\\/03\\\/Banner-Unsere-Filme-in-der-Weihnachtszeit-e1679806259969.jpg\",\"articleSection\":[\"In Mediatheken\",\"Aktueller Film\"],\"inLanguage\":\"de\"},{\"@type\":\"WebPage\",\"@id\":\"https:\\\/\\\/relevantfilm.de\\\/?p=309\",\"url\":\"https:\\\/\\\/relevantfilm.de\\\/?p=309\",\"name\":\"Unsere Filme in der Weihnachtszeit - Relevant Film\",\"isPartOf\":{\"@id\":\"https:\\\/\\\/relevantfilm.de\\\/#website\"},\"primaryImageOfPage\":{\"@id\":\"https:\\\/\\\/relevantfilm.de\\\/?p=309#primaryimage\"},\"image\":{\"@id\":\"https:\\\/\\\/relevantfilm.de\\\/?p=309#primaryimage\"},\"thumbnailUrl\":\"https:\\\/\\\/relevantfilm.de\\\/wp-content\\\/uploads\\\/2023\\\/03\\\/Banner-Unsere-Filme-in-der-Weihnachtszeit-e1679806259969.jpg\",\"datePublished\":\"2021-12-01T09:27:03+00:00\",\"dateModified\":\"2026-04-21T18:32:11+00:00\",\"author\":{\"@id\":\"https:\\\/\\\/relevantfilm.de\\\/#\\\/schema\\\/person\\\/e958a283c85c399b0c52c732f5c60228\"},\"breadcrumb\":{\"@id\":\"https:\\\/\\\/relevantfilm.de\\\/?p=309#breadcrumb\"},\"inLanguage\":\"de\",\"potentialAction\":[{\"@type\":\"ReadAction\",\"target\":[\"https:\\\/\\\/relevantfilm.de\\\/?p=309\"]}]},{\"@type\":\"ImageObject\",\"inLanguage\":\"de\",\"@id\":\"https:\\\/\\\/relevantfilm.de\\\/?p=309#primaryimage\",\"url\":\"https:\\\/\\\/relevantfilm.de\\\/wp-content\\\/uploads\\\/2023\\\/03\\\/Banner-Unsere-Filme-in-der-Weihnachtszeit-e1679806259969.jpg\",\"contentUrl\":\"https:\\\/\\\/relevantfilm.de\\\/wp-content\\\/uploads\\\/2023\\\/03\\\/Banner-Unsere-Filme-in-der-Weihnachtszeit-e1679806259969.jpg\",\"width\":2560,\"height\":992,\"caption\":\"\u201eDas Weihnachtstaxi\u201c Fernsehfilm, Weihnachtsfilm Axel Parschke (Dietmar B\u00e4r) sticht heimlich in einen aufblasbaren Weihnachtsmann. Foto: Felix Abraham\\\/Relevant Film\\\/ZDF\"},{\"@type\":\"BreadcrumbList\",\"@id\":\"https:\\\/\\\/relevantfilm.de\\\/?p=309#breadcrumb\",\"itemListElement\":[{\"@type\":\"ListItem\",\"position\":1,\"name\":\"Startseite\",\"item\":\"https:\\\/\\\/relevantfilm.de\\\/\"},{\"@type\":\"ListItem\",\"position\":2,\"name\":\"Unsere Filme in der Weihnachtszeit\"}]},{\"@type\":\"WebSite\",\"@id\":\"https:\\\/\\\/relevantfilm.de\\\/#website\",\"url\":\"https:\\\/\\\/relevantfilm.de\\\/\",\"name\":\"Relevant Film\",\"description\":\"Filmproduktion Hamburg\",\"potentialAction\":[{\"@type\":\"SearchAction\",\"target\":{\"@type\":\"EntryPoint\",\"urlTemplate\":\"https:\\\/\\\/relevantfilm.de\\\/?s={search_term_string}\"},\"query-input\":{\"@type\":\"PropertyValueSpecification\",\"valueRequired\":true,\"valueName\":\"search_term_string\"}}],\"inLanguage\":\"de\"},{\"@type\":\"Person\",\"@id\":\"https:\\\/\\\/relevantfilm.de\\\/#\\\/schema\\\/person\\\/e958a283c85c399b0c52c732f5c60228\",\"name\":\"Judica Schrammeck\",\"image\":{\"@type\":\"ImageObject\",\"inLanguage\":\"de\",\"@id\":\"https:\\\/\\\/secure.gravatar.com\\\/avatar\\\/b19e9ce218a797f1052c4030b2e615bf8ee2784409b0cedc8c6e44506f5df67d?s=96&d=mm&r=g\",\"url\":\"https:\\\/\\\/secure.gravatar.com\\\/avatar\\\/b19e9ce218a797f1052c4030b2e615bf8ee2784409b0cedc8c6e44506f5df67d?s=96&d=mm&r=g\",\"contentUrl\":\"https:\\\/\\\/secure.gravatar.com\\\/avatar\\\/b19e9ce218a797f1052c4030b2e615bf8ee2784409b0cedc8c6e44506f5df67d?s=96&d=mm&r=g\",\"caption\":\"Judica Schrammeck\"},\"sameAs\":[\"https:\\\/\\\/relevantfilm.de\\\/\"],\"url\":\"https:\\\/\\\/relevantfilm.de\\\/?author=3\"}]}<\/script>\n<!-- \/ Yoast SEO plugin. -->","yoast_head_json":{"title":"Unsere Filme in der Weihnachtszeit - Relevant Film","robots":{"index":"index","follow":"follow","max-snippet":"max-snippet:-1","max-image-preview":"max-image-preview:large","max-video-preview":"max-video-preview:-1"},"canonical":"https:\/\/relevantfilm.de\/?p=309","og_locale":"de_DE","og_type":"article","og_title":"Unsere Filme in der Weihnachtszeit - Relevant Film","og_description":"Wir w\u00fcnschen Ihnen und Euch viel Freude in der Weihnachtszeit mit unseren relevanten Filmmomenten.","og_url":"https:\/\/relevantfilm.de\/?p=309","og_site_name":"Relevant Film","article_published_time":"2021-12-01T09:27:03+00:00","article_modified_time":"2026-04-21T18:32:11+00:00","og_image":[{"width":2560,"height":992,"url":"https:\/\/relevantfilm.de\/wp-content\/uploads\/2023\/03\/Banner-Unsere-Filme-in-der-Weihnachtszeit-e1679806259969.jpg","type":"image\/jpeg"}],"author":"Judica Schrammeck","twitter_card":"summary_large_image","twitter_misc":{"Verfasst von":"Judica Schrammeck","Gesch\u00e4tzte Lesezeit":"2\u00a0Minuten"},"schema":{"@context":"https:\/\/schema.org","@graph":[{"@type":"Article","@id":"https:\/\/relevantfilm.de\/?p=309#article","isPartOf":{"@id":"https:\/\/relevantfilm.de\/?p=309"},"author":{"name":"Judica Schrammeck","@id":"https:\/\/relevantfilm.de\/#\/schema\/person\/e958a283c85c399b0c52c732f5c60228"},"headline":"Unsere Filme in der Weihnachtszeit","datePublished":"2021-12-01T09:27:03+00:00","dateModified":"2026-04-21T18:32:11+00:00","mainEntityOfPage":{"@id":"https:\/\/relevantfilm.de\/?p=309"},"wordCount":474,"image":{"@id":"https:\/\/relevantfilm.de\/?p=309#primaryimage"},"thumbnailUrl":"https:\/\/relevantfilm.de\/wp-content\/uploads\/2023\/03\/Banner-Unsere-Filme-in-der-Weihnachtszeit-e1679806259969.jpg","articleSection":["In Mediatheken","Aktueller Film"],"inLanguage":"de"},{"@type":"WebPage","@id":"https:\/\/relevantfilm.de\/?p=309","url":"https:\/\/relevantfilm.de\/?p=309","name":"Unsere Filme in der Weihnachtszeit - Relevant Film","isPartOf":{"@id":"https:\/\/relevantfilm.de\/#website"},"primaryImageOfPage":{"@id":"https:\/\/relevantfilm.de\/?p=309#primaryimage"},"image":{"@id":"https:\/\/relevantfilm.de\/?p=309#primaryimage"},"thumbnailUrl":"https:\/\/relevantfilm.de\/wp-content\/uploads\/2023\/03\/Banner-Unsere-Filme-in-der-Weihnachtszeit-e1679806259969.jpg","datePublished":"2021-12-01T09:27:03+00:00","dateModified":"2026-04-21T18:32:11+00:00","author":{"@id":"https:\/\/relevantfilm.de\/#\/schema\/person\/e958a283c85c399b0c52c732f5c60228"},"breadcrumb":{"@id":"https:\/\/relevantfilm.de\/?p=309#breadcrumb"},"inLanguage":"de","potentialAction":[{"@type":"ReadAction","target":["https:\/\/relevantfilm.de\/?p=309"]}]},{"@type":"ImageObject","inLanguage":"de","@id":"https:\/\/relevantfilm.de\/?p=309#primaryimage","url":"https:\/\/relevantfilm.de\/wp-content\/uploads\/2023\/03\/Banner-Unsere-Filme-in-der-Weihnachtszeit-e1679806259969.jpg","contentUrl":"https:\/\/relevantfilm.de\/wp-content\/uploads\/2023\/03\/Banner-Unsere-Filme-in-der-Weihnachtszeit-e1679806259969.jpg","width":2560,"height":992,"caption":"\u201eDas Weihnachtstaxi\u201c Fernsehfilm, Weihnachtsfilm Axel Parschke (Dietmar B\u00e4r) sticht heimlich in einen aufblasbaren Weihnachtsmann. Foto: Felix Abraham\/Relevant Film\/ZDF"},{"@type":"BreadcrumbList","@id":"https:\/\/relevantfilm.de\/?p=309#breadcrumb","itemListElement":[{"@type":"ListItem","position":1,"name":"Startseite","item":"https:\/\/relevantfilm.de\/"},{"@type":"ListItem","position":2,"name":"Unsere Filme in der Weihnachtszeit"}]},{"@type":"WebSite","@id":"https:\/\/relevantfilm.de\/#website","url":"https:\/\/relevantfilm.de\/","name":"Relevant Film","description":"Filmproduktion Hamburg","potentialAction":[{"@type":"SearchAction","target":{"@type":"EntryPoint","urlTemplate":"https:\/\/relevantfilm.de\/?s={search_term_string}"},"query-input":{"@type":"PropertyValueSpecification","valueRequired":true,"valueName":"search_term_string"}}],"inLanguage":"de"},{"@type":"Person","@id":"https:\/\/relevantfilm.de\/#\/schema\/person\/e958a283c85c399b0c52c732f5c60228","name":"Judica Schrammeck","image":{"@type":"ImageObject","inLanguage":"de","@id":"https:\/\/secure.gravatar.com\/avatar\/b19e9ce218a797f1052c4030b2e615bf8ee2784409b0cedc8c6e44506f5df67d?s=96&d=mm&r=g","url":"https:\/\/secure.gravatar.com\/avatar\/b19e9ce218a797f1052c4030b2e615bf8ee2784409b0cedc8c6e44506f5df67d?s=96&d=mm&r=g","contentUrl":"https:\/\/secure.gravatar.com\/avatar\/b19e9ce218a797f1052c4030b2e615bf8ee2784409b0cedc8c6e44506f5df67d?s=96&d=mm&r=g","caption":"Judica Schrammeck"},"sameAs":["https:\/\/relevantfilm.de\/"],"url":"https:\/\/relevantfilm.de\/?author=3"}]}},"_links":{"self":[{"href":"https:\/\/relevantfilm.de\/index.php?rest_route=\/wp\/v2\/posts\/309","targetHints":{"allow":["GET"]}}],"collection":[{"href":"https:\/\/relevantfilm.de\/index.php?rest_route=\/wp\/v2\/posts"}],"about":[{"href":"https:\/\/relevantfilm.de\/index.php?rest_route=\/wp\/v2\/types\/post"}],"author":[{"embeddable":true,"href":"https:\/\/relevantfilm.de\/index.php?rest_route=\/wp\/v2\/users\/3"}],"replies":[{"embeddable":true,"href":"https:\/\/relevantfilm.de\/index.php?rest_route=%2Fwp%2Fv2%2Fcomments&post=309"}],"version-history":[{"count":4,"href":"https:\/\/relevantfilm.de\/index.php?rest_route=\/wp\/v2\/posts\/309\/revisions"}],"predecessor-version":[{"id":1865,"href":"https:\/\/relevantfilm.de\/index.php?rest_route=\/wp\/v2\/posts\/309\/revisions\/1865"}],"wp:featuredmedia":[{"embeddable":true,"href":"https:\/\/relevantfilm.de\/index.php?rest_route=\/wp\/v2\/media\/1825"}],"wp:attachment":[{"href":"https:\/\/relevantfilm.de\/index.php?rest_route=%2Fwp%2Fv2%2Fmedia&parent=309"}],"wp:term":[{"taxonomy":"category","embeddable":true,"href":"https:\/\/relevantfilm.de\/index.php?rest_route=%2Fwp%2Fv2%2Fcategories&post=309"},{"taxonomy":"post_tag","embeddable":true,"href":"https:\/\/relevantfilm.de\/index.php?rest_route=%2Fwp%2Fv2%2Ftags&post=309"},{"taxonomy":"post_flag","embeddable":true,"href":"https:\/\/relevantfilm.de\/index.php?rest_route=%2Fwp%2Fv2%2Fpost_flags&post=309"}],"curies":[{"name":"wp","href":"https:\/\/api.w.org\/{rel}","templated":true}]}}