{"id":3180,"date":"2024-06-15T15:24:00","date_gmt":"2024-06-15T13:24:00","guid":{"rendered":"https:\/\/relevantfilm.de\/?p=3180"},"modified":"2026-04-21T20:31:54","modified_gmt":"2026-04-21T18:31:54","slug":"abgedreht-stille-nacht-raue-nacht","status":"publish","type":"post","link":"https:\/\/relevantfilm.de\/?p=3180","title":{"rendered":"Coming soon: &#8218;Stille Nacht, raue Nacht&#8216;"},"content":{"rendered":"\n<p class=\"has-medium-font-size\"><strong>Weihnachten im Klimawandel<\/strong><\/p>\n\n\n\n<p class=\"has-medium-font-size\">Reinigungsrituale, Traumtageb\u00fccher und Wunschzettel, die in eine Feuerschale geworfen werden\u2026 Auf einer Wintersonnenwende-Party am Abend des 21. Dezember tritt die Wissenschaftlerin Liane <strong>(Maria Ehrich<\/strong>) in eine f\u00fcr sie fremde Welt. Liane lernt dabei einen spirituell engagierten Mann <strong>(Benito Bause<\/strong>) kennen, der sie irgendwie trotz aller Gegens\u00e4tze fasziniert.<\/p>\n\n\n\n<p>Regisseurin <strong>Sophie Averkamp<\/strong> inszeniert den neuen Herzkino Film f\u00fcr das ZDF nach dem Drehbuch von <strong>Silke Zertz<\/strong>, Kamera <strong>Theresa Mau\u00e9,<\/strong> mit <strong>Maria Ehrich, Benito Bause, Tim Oliver Schultz, Denise M\u2019Baye, Viktoria Fleer, Antoine Monot jr., Angelika Richter<\/strong>, <strong>April Hailer, Rainer Reiners<\/strong> in den Hauptrollen.<\/p>\n\n\n\n<p>Trennen m\u00f6chten sie sich nicht. Aber so wie es ist, kann es nicht bleiben. Ihre Beziehung ist in der Schwebe, als die Wissenschaftlerin Liane (<strong>Maria Ehrich<\/strong>) und ihr Lebensgef\u00e4hrte Philipp (<strong>Tim Oliver<\/strong> <strong>Schultz<\/strong>) \u00fcber Weihnachten eine Auszeit nehmen, ein Timeout, das helfen soll, ihre Liebe neu zu kalibrieren. Wann, wenn nicht jetzt, w\u00e4re Einkehr m\u00f6glich und Besinnung, wann, wenn nicht in den zw\u00f6lf Rauhn\u00e4chten, diesem seltsamen Loch in der Zeit, das wie Lianes und Philipps Beziehung schwankender Grund ist, ein schwebender und nicht ungef\u00e4hrlicher \u00dcbergang vom Alten ins Neue, vom Dunkel ins Licht? Esoterischer Unfug, sagt Liane. Eine Zeit der Demut, sagt ihre Schwester Svea (<strong>Victoria Fleer<\/strong>). Und tats\u00e4chlich, kaum ist Philipp abgereist, um die Weihnachtstage allein an der Sonne zu verbringen, beginnt das Schicksal, die zur\u00fcckbleibende Liane kr\u00e4ftig durchzusch\u00fctteln. Gleich mehrere St\u00fcrme ziehen auf: Wind und Starkregen r\u00fctteln am Haus und am Weltbild seiner Bewohnerinnen (<strong>Antoine Monot jr<\/strong>., <strong>Angelika Richter<\/strong>) ungeliebter Besuch (<strong>April Hailer<\/strong>, <strong>Rainer Reiners<\/strong>) zerschl\u00e4gt nicht nur Lianes Feiertags-to-do-Liste, sondern auch ihre zementierten Glaubenss\u00e4tze, und ein ebenso seltsamer wie faszinierender Fremder (<strong>Benito Bause<\/strong>) ber\u00fchrt sie tief mit seiner Spiritualit\u00e4t. Anders als gedacht erf\u00fcllt sich das Versprechen einer Auszeit, denn ausgerechnet die zw\u00f6lf sturmzerzausten Rauhn\u00e4chte wehen Liane auf einen neuen Weg von Dankbarkeit und Liebe.<\/p>\n\n\n\n<p>Casting <strong>Anne H\u00fcnseler<\/strong> | Kamera <strong>Theresa Mau\u00e9<\/strong> | Ausstattung <strong>Pouya Mirzaei <\/strong>I Kost\u00fcm <strong>Katrin Ostermann<\/strong> | Maske<strong> Doreen Kindler, Tanja Adams<\/strong> | Ton <strong>Dominique Rueff, Moritz Fischer<\/strong> | Licht <strong>Daniel Kuhn<\/strong> | B\u00fchne<strong> Lukasz Wyszkowski<\/strong> | Komponist <strong>Giovanni Berg <\/strong>| Editorin Melanie <strong>Landa<\/strong> | Produktionsleitung <strong>Peter Nawrotzki<\/strong> | Producerin <strong>Rieke Bubert <\/strong>I Produzentin <strong>Heike Wiehle-Timm <\/strong>I Redaktion ZDF <strong>Berit Teschner<\/strong><\/p>\n\n\n\n<p>Die Dreharbeiten fanden im Februar 2024 in Hamburg und Umgebung (Vierlande) statt.<\/p>\n\n\n\n<figure class=\"wp-block-image size-large\"><img loading=\"lazy\" decoding=\"async\" width=\"1024\" height=\"705\" src=\"https:\/\/relevantfilm.de\/wp-content\/uploads\/2024\/05\/Liane-Hinnerk_J0A8664StilleNacht-RaueNacht-Keyvisual-1024x705.jpg\" alt=\"\" class=\"wp-image-3363\" srcset=\"https:\/\/relevantfilm.de\/wp-content\/uploads\/2024\/05\/Liane-Hinnerk_J0A8664StilleNacht-RaueNacht-Keyvisual-1024x705.jpg 1024w, https:\/\/relevantfilm.de\/wp-content\/uploads\/2024\/05\/Liane-Hinnerk_J0A8664StilleNacht-RaueNacht-Keyvisual-300x206.jpg 300w, https:\/\/relevantfilm.de\/wp-content\/uploads\/2024\/05\/Liane-Hinnerk_J0A8664StilleNacht-RaueNacht-Keyvisual-768x529.jpg 768w, https:\/\/relevantfilm.de\/wp-content\/uploads\/2024\/05\/Liane-Hinnerk_J0A8664StilleNacht-RaueNacht-Keyvisual-1536x1057.jpg 1536w, https:\/\/relevantfilm.de\/wp-content\/uploads\/2024\/05\/Liane-Hinnerk_J0A8664StilleNacht-RaueNacht-Keyvisual-2048x1410.jpg 2048w\" sizes=\"(max-width: 1024px) 100vw, 1024px\" \/><\/figure>\n\n\n\n<p class=\"has-small-font-size\">Bildnachweis I \u201aStille Nacht, raue Nacht\u2018 \u00a9 Relevant Film, ZDF I Andrea K\u00fcppers<\/p>\n","protected":false},"excerpt":{"rendered":"<p>Weihnachten im Klimawandel Reinigungsrituale, Traumtageb\u00fccher und Wunschzettel, die in eine Feuerschale geworfen werden\u2026 Auf einer Wintersonnenwende-Party am Abend des 21. Dezember tritt die Wissenschaftlerin Liane (Maria Ehrich) in eine f\u00fcr sie fremde Welt. Liane lernt dabei einen spirituell engagierten Mann (Benito Bause) kennen, der sie irgendwie trotz aller Gegens\u00e4tze fasziniert. Regisseurin Sophie Averkamp inszeniert den [&hellip;]<\/p>\n","protected":false},"author":4,"featured_media":3351,"comment_status":"closed","ping_status":"closed","sticky":false,"template":"","format":"standard","meta":{"_acf_changed":false,"footnotes":""},"categories":[20,23],"tags":[],"post_flags":[],"class_list":["post-3180","post","type-post","status-publish","format-standard","has-post-thumbnail","hentry","category-in-produktion","category-aktueller-film"],"acf":[],"yoast_head":"<!-- This site is optimized with the Yoast SEO plugin v27.5 - https:\/\/yoast.com\/product\/yoast-seo-wordpress\/ -->\n<title>Coming soon: &#039;Stille Nacht, raue Nacht&#039; - Relevant Film<\/title>\n<meta name=\"robots\" content=\"index, follow, max-snippet:-1, max-image-preview:large, max-video-preview:-1\" \/>\n<link rel=\"canonical\" href=\"https:\/\/relevantfilm.de\/?p=3180\" \/>\n<meta property=\"og:locale\" content=\"de_DE\" \/>\n<meta property=\"og:type\" content=\"article\" \/>\n<meta property=\"og:title\" content=\"Coming soon: &#039;Stille Nacht, raue Nacht&#039; - Relevant Film\" \/>\n<meta property=\"og:description\" content=\"Weihnachten im Klimawandel Reinigungsrituale, Traumtageb\u00fccher und Wunschzettel, die in eine Feuerschale geworfen werden\u2026 Auf einer Wintersonnenwende-Party am Abend des 21. Dezember tritt die Wissenschaftlerin Liane (Maria Ehrich) in eine f\u00fcr sie fremde Welt. Liane lernt dabei einen spirituell engagierten Mann (Benito Bause) kennen, der sie irgendwie trotz aller Gegens\u00e4tze fasziniert. Regisseurin Sophie Averkamp inszeniert den [&hellip;]\" \/>\n<meta property=\"og:url\" content=\"https:\/\/relevantfilm.de\/?p=3180\" \/>\n<meta property=\"og:site_name\" content=\"Relevant Film\" \/>\n<meta property=\"article:published_time\" content=\"2024-06-15T13:24:00+00:00\" \/>\n<meta property=\"article:modified_time\" content=\"2026-04-21T18:31:54+00:00\" \/>\n<meta property=\"og:image\" content=\"https:\/\/relevantfilm.de\/wp-content\/uploads\/2024\/03\/Philipp-Liane-Svea-Ilka-Mani-_J0A6686StilleNacht-RauheNacht-Drehstartfoto--scaled-e1716296475514.jpg\" \/>\n\t<meta property=\"og:image:width\" content=\"2560\" \/>\n\t<meta property=\"og:image:height\" content=\"1395\" \/>\n\t<meta property=\"og:image:type\" content=\"image\/jpeg\" \/>\n<meta name=\"author\" content=\"Andrea Terres\" \/>\n<meta name=\"twitter:card\" content=\"summary_large_image\" \/>\n<meta name=\"twitter:label1\" content=\"Verfasst von\" \/>\n\t<meta name=\"twitter:data1\" content=\"Andrea Terres\" \/>\n\t<meta name=\"twitter:label2\" content=\"Gesch\u00e4tzte Lesezeit\" \/>\n\t<meta name=\"twitter:data2\" content=\"3\u00a0Minuten\" \/>\n<script type=\"application\/ld+json\" class=\"yoast-schema-graph\">{\"@context\":\"https:\\\/\\\/schema.org\",\"@graph\":[{\"@type\":\"Article\",\"@id\":\"https:\\\/\\\/relevantfilm.de\\\/?p=3180#article\",\"isPartOf\":{\"@id\":\"https:\\\/\\\/relevantfilm.de\\\/?p=3180\"},\"author\":{\"name\":\"Andrea Terres\",\"@id\":\"https:\\\/\\\/relevantfilm.de\\\/#\\\/schema\\\/person\\\/d6073aa92f488058d40d10b2043b11cb\"},\"headline\":\"Coming soon: &#8218;Stille Nacht, raue Nacht&#8216;\",\"datePublished\":\"2024-06-15T13:24:00+00:00\",\"dateModified\":\"2026-04-21T18:31:54+00:00\",\"mainEntityOfPage\":{\"@id\":\"https:\\\/\\\/relevantfilm.de\\\/?p=3180\"},\"wordCount\":408,\"image\":{\"@id\":\"https:\\\/\\\/relevantfilm.de\\\/?p=3180#primaryimage\"},\"thumbnailUrl\":\"https:\\\/\\\/relevantfilm.de\\\/wp-content\\\/uploads\\\/2024\\\/03\\\/Philipp-Liane-Svea-Ilka-Mani-_J0A6686StilleNacht-RauheNacht-Drehstartfoto--scaled-e1716296475514.jpg\",\"articleSection\":[\"In Produktion\",\"Aktueller Film\"],\"inLanguage\":\"de\"},{\"@type\":\"WebPage\",\"@id\":\"https:\\\/\\\/relevantfilm.de\\\/?p=3180\",\"url\":\"https:\\\/\\\/relevantfilm.de\\\/?p=3180\",\"name\":\"Coming soon: 'Stille Nacht, raue Nacht' - Relevant Film\",\"isPartOf\":{\"@id\":\"https:\\\/\\\/relevantfilm.de\\\/#website\"},\"primaryImageOfPage\":{\"@id\":\"https:\\\/\\\/relevantfilm.de\\\/?p=3180#primaryimage\"},\"image\":{\"@id\":\"https:\\\/\\\/relevantfilm.de\\\/?p=3180#primaryimage\"},\"thumbnailUrl\":\"https:\\\/\\\/relevantfilm.de\\\/wp-content\\\/uploads\\\/2024\\\/03\\\/Philipp-Liane-Svea-Ilka-Mani-_J0A6686StilleNacht-RauheNacht-Drehstartfoto--scaled-e1716296475514.jpg\",\"datePublished\":\"2024-06-15T13:24:00+00:00\",\"dateModified\":\"2026-04-21T18:31:54+00:00\",\"author\":{\"@id\":\"https:\\\/\\\/relevantfilm.de\\\/#\\\/schema\\\/person\\\/d6073aa92f488058d40d10b2043b11cb\"},\"breadcrumb\":{\"@id\":\"https:\\\/\\\/relevantfilm.de\\\/?p=3180#breadcrumb\"},\"inLanguage\":\"de\",\"potentialAction\":[{\"@type\":\"ReadAction\",\"target\":[\"https:\\\/\\\/relevantfilm.de\\\/?p=3180\"]}]},{\"@type\":\"ImageObject\",\"inLanguage\":\"de\",\"@id\":\"https:\\\/\\\/relevantfilm.de\\\/?p=3180#primaryimage\",\"url\":\"https:\\\/\\\/relevantfilm.de\\\/wp-content\\\/uploads\\\/2024\\\/03\\\/Philipp-Liane-Svea-Ilka-Mani-_J0A6686StilleNacht-RauheNacht-Drehstartfoto--scaled-e1716296475514.jpg\",\"contentUrl\":\"https:\\\/\\\/relevantfilm.de\\\/wp-content\\\/uploads\\\/2024\\\/03\\\/Philipp-Liane-Svea-Ilka-Mani-_J0A6686StilleNacht-RauheNacht-Drehstartfoto--scaled-e1716296475514.jpg\",\"width\":2560,\"height\":1395,\"caption\":\"Drehtsart f\u00fcr \\\"Stille Nacht, rauhe Nacht\\\" in Hamburg Relevant Film f\u00fcr das ZDF v.l.n.r. Denise M'Baye, Victoria Fleer, Tim Oliver Schultz, Maria Ehrich, Benito Bause\"},{\"@type\":\"BreadcrumbList\",\"@id\":\"https:\\\/\\\/relevantfilm.de\\\/?p=3180#breadcrumb\",\"itemListElement\":[{\"@type\":\"ListItem\",\"position\":1,\"name\":\"Startseite\",\"item\":\"https:\\\/\\\/relevantfilm.de\\\/\"},{\"@type\":\"ListItem\",\"position\":2,\"name\":\"Coming soon: &#8218;Stille Nacht, raue Nacht&#8216;\"}]},{\"@type\":\"WebSite\",\"@id\":\"https:\\\/\\\/relevantfilm.de\\\/#website\",\"url\":\"https:\\\/\\\/relevantfilm.de\\\/\",\"name\":\"Relevant Film\",\"description\":\"Filmproduktion Hamburg\",\"potentialAction\":[{\"@type\":\"SearchAction\",\"target\":{\"@type\":\"EntryPoint\",\"urlTemplate\":\"https:\\\/\\\/relevantfilm.de\\\/?s={search_term_string}\"},\"query-input\":{\"@type\":\"PropertyValueSpecification\",\"valueRequired\":true,\"valueName\":\"search_term_string\"}}],\"inLanguage\":\"de\"},{\"@type\":\"Person\",\"@id\":\"https:\\\/\\\/relevantfilm.de\\\/#\\\/schema\\\/person\\\/d6073aa92f488058d40d10b2043b11cb\",\"name\":\"Andrea Terres\",\"image\":{\"@type\":\"ImageObject\",\"inLanguage\":\"de\",\"@id\":\"https:\\\/\\\/secure.gravatar.com\\\/avatar\\\/f21af11c76b104d5b091cd12cd5d64e7a1d1302151e5af94a0b186c96e9c073c?s=96&d=mm&r=g\",\"url\":\"https:\\\/\\\/secure.gravatar.com\\\/avatar\\\/f21af11c76b104d5b091cd12cd5d64e7a1d1302151e5af94a0b186c96e9c073c?s=96&d=mm&r=g\",\"contentUrl\":\"https:\\\/\\\/secure.gravatar.com\\\/avatar\\\/f21af11c76b104d5b091cd12cd5d64e7a1d1302151e5af94a0b186c96e9c073c?s=96&d=mm&r=g\",\"caption\":\"Andrea Terres\"},\"sameAs\":[\"https:\\\/\\\/relevantfilm.de\\\/\"],\"url\":\"https:\\\/\\\/relevantfilm.de\\\/?author=4\"}]}<\/script>\n<!-- \/ Yoast SEO plugin. -->","yoast_head_json":{"title":"Coming soon: 'Stille Nacht, raue Nacht' - Relevant Film","robots":{"index":"index","follow":"follow","max-snippet":"max-snippet:-1","max-image-preview":"max-image-preview:large","max-video-preview":"max-video-preview:-1"},"canonical":"https:\/\/relevantfilm.de\/?p=3180","og_locale":"de_DE","og_type":"article","og_title":"Coming soon: 'Stille Nacht, raue Nacht' - Relevant Film","og_description":"Weihnachten im Klimawandel Reinigungsrituale, Traumtageb\u00fccher und Wunschzettel, die in eine Feuerschale geworfen werden\u2026 Auf einer Wintersonnenwende-Party am Abend des 21. Dezember tritt die Wissenschaftlerin Liane (Maria Ehrich) in eine f\u00fcr sie fremde Welt. Liane lernt dabei einen spirituell engagierten Mann (Benito Bause) kennen, der sie irgendwie trotz aller Gegens\u00e4tze fasziniert. Regisseurin Sophie Averkamp inszeniert den [&hellip;]","og_url":"https:\/\/relevantfilm.de\/?p=3180","og_site_name":"Relevant Film","article_published_time":"2024-06-15T13:24:00+00:00","article_modified_time":"2026-04-21T18:31:54+00:00","og_image":[{"width":2560,"height":1395,"url":"https:\/\/relevantfilm.de\/wp-content\/uploads\/2024\/03\/Philipp-Liane-Svea-Ilka-Mani-_J0A6686StilleNacht-RauheNacht-Drehstartfoto--scaled-e1716296475514.jpg","type":"image\/jpeg"}],"author":"Andrea Terres","twitter_card":"summary_large_image","twitter_misc":{"Verfasst von":"Andrea Terres","Gesch\u00e4tzte Lesezeit":"3\u00a0Minuten"},"schema":{"@context":"https:\/\/schema.org","@graph":[{"@type":"Article","@id":"https:\/\/relevantfilm.de\/?p=3180#article","isPartOf":{"@id":"https:\/\/relevantfilm.de\/?p=3180"},"author":{"name":"Andrea Terres","@id":"https:\/\/relevantfilm.de\/#\/schema\/person\/d6073aa92f488058d40d10b2043b11cb"},"headline":"Coming soon: &#8218;Stille Nacht, raue Nacht&#8216;","datePublished":"2024-06-15T13:24:00+00:00","dateModified":"2026-04-21T18:31:54+00:00","mainEntityOfPage":{"@id":"https:\/\/relevantfilm.de\/?p=3180"},"wordCount":408,"image":{"@id":"https:\/\/relevantfilm.de\/?p=3180#primaryimage"},"thumbnailUrl":"https:\/\/relevantfilm.de\/wp-content\/uploads\/2024\/03\/Philipp-Liane-Svea-Ilka-Mani-_J0A6686StilleNacht-RauheNacht-Drehstartfoto--scaled-e1716296475514.jpg","articleSection":["In Produktion","Aktueller Film"],"inLanguage":"de"},{"@type":"WebPage","@id":"https:\/\/relevantfilm.de\/?p=3180","url":"https:\/\/relevantfilm.de\/?p=3180","name":"Coming soon: 'Stille Nacht, raue Nacht' - Relevant Film","isPartOf":{"@id":"https:\/\/relevantfilm.de\/#website"},"primaryImageOfPage":{"@id":"https:\/\/relevantfilm.de\/?p=3180#primaryimage"},"image":{"@id":"https:\/\/relevantfilm.de\/?p=3180#primaryimage"},"thumbnailUrl":"https:\/\/relevantfilm.de\/wp-content\/uploads\/2024\/03\/Philipp-Liane-Svea-Ilka-Mani-_J0A6686StilleNacht-RauheNacht-Drehstartfoto--scaled-e1716296475514.jpg","datePublished":"2024-06-15T13:24:00+00:00","dateModified":"2026-04-21T18:31:54+00:00","author":{"@id":"https:\/\/relevantfilm.de\/#\/schema\/person\/d6073aa92f488058d40d10b2043b11cb"},"breadcrumb":{"@id":"https:\/\/relevantfilm.de\/?p=3180#breadcrumb"},"inLanguage":"de","potentialAction":[{"@type":"ReadAction","target":["https:\/\/relevantfilm.de\/?p=3180"]}]},{"@type":"ImageObject","inLanguage":"de","@id":"https:\/\/relevantfilm.de\/?p=3180#primaryimage","url":"https:\/\/relevantfilm.de\/wp-content\/uploads\/2024\/03\/Philipp-Liane-Svea-Ilka-Mani-_J0A6686StilleNacht-RauheNacht-Drehstartfoto--scaled-e1716296475514.jpg","contentUrl":"https:\/\/relevantfilm.de\/wp-content\/uploads\/2024\/03\/Philipp-Liane-Svea-Ilka-Mani-_J0A6686StilleNacht-RauheNacht-Drehstartfoto--scaled-e1716296475514.jpg","width":2560,"height":1395,"caption":"Drehtsart f\u00fcr \"Stille Nacht, rauhe Nacht\" in Hamburg Relevant Film f\u00fcr das ZDF v.l.n.r. Denise M'Baye, Victoria Fleer, Tim Oliver Schultz, Maria Ehrich, Benito Bause"},{"@type":"BreadcrumbList","@id":"https:\/\/relevantfilm.de\/?p=3180#breadcrumb","itemListElement":[{"@type":"ListItem","position":1,"name":"Startseite","item":"https:\/\/relevantfilm.de\/"},{"@type":"ListItem","position":2,"name":"Coming soon: &#8218;Stille Nacht, raue Nacht&#8216;"}]},{"@type":"WebSite","@id":"https:\/\/relevantfilm.de\/#website","url":"https:\/\/relevantfilm.de\/","name":"Relevant Film","description":"Filmproduktion Hamburg","potentialAction":[{"@type":"SearchAction","target":{"@type":"EntryPoint","urlTemplate":"https:\/\/relevantfilm.de\/?s={search_term_string}"},"query-input":{"@type":"PropertyValueSpecification","valueRequired":true,"valueName":"search_term_string"}}],"inLanguage":"de"},{"@type":"Person","@id":"https:\/\/relevantfilm.de\/#\/schema\/person\/d6073aa92f488058d40d10b2043b11cb","name":"Andrea Terres","image":{"@type":"ImageObject","inLanguage":"de","@id":"https:\/\/secure.gravatar.com\/avatar\/f21af11c76b104d5b091cd12cd5d64e7a1d1302151e5af94a0b186c96e9c073c?s=96&d=mm&r=g","url":"https:\/\/secure.gravatar.com\/avatar\/f21af11c76b104d5b091cd12cd5d64e7a1d1302151e5af94a0b186c96e9c073c?s=96&d=mm&r=g","contentUrl":"https:\/\/secure.gravatar.com\/avatar\/f21af11c76b104d5b091cd12cd5d64e7a1d1302151e5af94a0b186c96e9c073c?s=96&d=mm&r=g","caption":"Andrea Terres"},"sameAs":["https:\/\/relevantfilm.de\/"],"url":"https:\/\/relevantfilm.de\/?author=4"}]}},"_links":{"self":[{"href":"https:\/\/relevantfilm.de\/index.php?rest_route=\/wp\/v2\/posts\/3180","targetHints":{"allow":["GET"]}}],"collection":[{"href":"https:\/\/relevantfilm.de\/index.php?rest_route=\/wp\/v2\/posts"}],"about":[{"href":"https:\/\/relevantfilm.de\/index.php?rest_route=\/wp\/v2\/types\/post"}],"author":[{"embeddable":true,"href":"https:\/\/relevantfilm.de\/index.php?rest_route=\/wp\/v2\/users\/4"}],"replies":[{"embeddable":true,"href":"https:\/\/relevantfilm.de\/index.php?rest_route=%2Fwp%2Fv2%2Fcomments&post=3180"}],"version-history":[{"count":15,"href":"https:\/\/relevantfilm.de\/index.php?rest_route=\/wp\/v2\/posts\/3180\/revisions"}],"predecessor-version":[{"id":3605,"href":"https:\/\/relevantfilm.de\/index.php?rest_route=\/wp\/v2\/posts\/3180\/revisions\/3605"}],"wp:featuredmedia":[{"embeddable":true,"href":"https:\/\/relevantfilm.de\/index.php?rest_route=\/wp\/v2\/media\/3351"}],"wp:attachment":[{"href":"https:\/\/relevantfilm.de\/index.php?rest_route=%2Fwp%2Fv2%2Fmedia&parent=3180"}],"wp:term":[{"taxonomy":"category","embeddable":true,"href":"https:\/\/relevantfilm.de\/index.php?rest_route=%2Fwp%2Fv2%2Fcategories&post=3180"},{"taxonomy":"post_tag","embeddable":true,"href":"https:\/\/relevantfilm.de\/index.php?rest_route=%2Fwp%2Fv2%2Ftags&post=3180"},{"taxonomy":"post_flag","embeddable":true,"href":"https:\/\/relevantfilm.de\/index.php?rest_route=%2Fwp%2Fv2%2Fpost_flags&post=3180"}],"curies":[{"name":"wp","href":"https:\/\/api.w.org\/{rel}","templated":true}]}}