{"id":3317,"date":"2024-02-17T14:45:43","date_gmt":"2024-02-17T13:45:43","guid":{"rendered":"https:\/\/relevantfilm.de\/?p=3317"},"modified":"2026-04-21T20:32:11","modified_gmt":"2026-04-21T18:32:11","slug":"aus-aktuellem-anlass","status":"publish","type":"post","link":"https:\/\/relevantfilm.de\/?p=3317","title":{"rendered":"&#8218;Alles f\u00fcr meinen Vater&#8216;\u00a0in der israelisch-arabischen Filmnacht\u00a0im NDR\u00a0&amp; Mediathek"},"content":{"rendered":"\n<h1 class=\"wp-block-heading\">Aus aktuellem Anlass<\/h1>\n\n\n\n<p>Unser preisgekr\u00f6nter Spielfilm <strong>&#8218;Alles f\u00fcr meinen Vater<\/strong>&#8218; wird&nbsp;in der Nacht von Pfingstmontag auf Dienstag, den 21.05.2024,&nbsp;um 00:20 &#8211; 01:50 Uhr im NDR-Fernsehen gezeigt und ist dann in der <a href=\"https:\/\/www.ardmediathek.de\/video\/Y3JpZDovL25kci5kZS8xNTY5XzIwMjQtMDUtMjEtMDAtMjA\">NDR Mediathek <\/a>verf\u00fcgbar.<\/p>\n\n\n\n<p><\/p>\n\n\n\n<p>Der Film ist in diesen menschenverachtenden Kriegszeiten ein sensibel und ber\u00fchrend erz\u00e4hltes Statement zur Verst\u00e4ndigung zwischen Juden und Pal\u00e4stinensern.&nbsp;<\/p>\n\n\n\n<p>Die preisgekr\u00f6nte, deutsch-israelische Kino-Co-Produktion unter der Regie von <strong>Dror Zahavi<\/strong> erz\u00e4hlt von den Paradoxien, die entstehen, wenn Rache auf Liebe trifft, wenn Ehrsucht ihre Idiotie entfaltet, wenn die Jungen f\u00fcr den Rigorismus der Alten haften m\u00fcssen.&nbsp;<\/p>\n\n\n\n<figure class=\"wp-block-image size-large\"><img loading=\"lazy\" decoding=\"async\" width=\"887\" height=\"1024\" src=\"https:\/\/relevantfilm.de\/wp-content\/uploads\/2024\/05\/Hauptplakat_AllesfuerMeinenVater_A4-D-1-887x1024.jpg\" alt=\"\" class=\"wp-image-3319\" srcset=\"https:\/\/relevantfilm.de\/wp-content\/uploads\/2024\/05\/Hauptplakat_AllesfuerMeinenVater_A4-D-1-887x1024.jpg 887w, https:\/\/relevantfilm.de\/wp-content\/uploads\/2024\/05\/Hauptplakat_AllesfuerMeinenVater_A4-D-1-260x300.jpg 260w, https:\/\/relevantfilm.de\/wp-content\/uploads\/2024\/05\/Hauptplakat_AllesfuerMeinenVater_A4-D-1-768x886.jpg 768w, https:\/\/relevantfilm.de\/wp-content\/uploads\/2024\/05\/Hauptplakat_AllesfuerMeinenVater_A4-D-1-1331x1536.jpg 1331w, https:\/\/relevantfilm.de\/wp-content\/uploads\/2024\/05\/Hauptplakat_AllesfuerMeinenVater_A4-D-1-1775x2048.jpg 1775w\" sizes=\"(max-width: 887px) 100vw, 887px\" \/><\/figure>\n\n\n\n<p>Indem sich der Film eng an den Gef\u00fchlen der Hauptdarsteller orientiert, vermittelt er die Botschaft, dass Hass und Gewalt \u00fcberwunden werden k\u00f6nnen, wenn wir im anderen nicht mehr den Feind, sondern den Mitmenschen sehen. Ein Pl\u00e4doyer f\u00fcr Empathie und Menschlichkeit.&nbsp; Wir freuen uns sehr \u00fcber die Initiative der ARD\/NDR, unseren Film in einer israelisch-arabischen Filmnacht zu pr\u00e4sentieren und auf diese Weise einen differenzierten Blick auf eine Region werfen, die derzeit von Gewalt, Krieg und Terror bestimmt wird.<\/p>\n\n\n\n<p style=\"font-style:normal;font-weight:100\"><em>\u00bbEin Mann soll sein Leben opfern \u2013 und verknallt sich dabei.&nbsp;<br>Der ARD-Film Alles f\u00fcr meinen Vater erz\u00e4hlt von einem Pal\u00e4stinenser, der auf dem Weg zu einem Selbstmordattentat die Liebe seines Lebens trifft. Eine r\u00fchrend sch\u00f6ne Geschichte, die dem Terror ein menschliches Gesicht gibt.\u00ab<\/em><\/p>\n\n\n\n<p>Der Spiegel<\/p>\n\n\n\n<p style=\"font-style:normal;font-weight:100\"><em>\u00bbDie Geschichte hat kein Happy End, versagt sich das M\u00e4rchen, das sich mit der leisen Liebesgeschichte zwischen Tarek und Keren anbahnt. Aber er blickt hinter die Fassaden, zeigt das \u00bbGesicht hinter dem Video\u00ab, den Menschen hinter dem Attent\u00e4ter und verabschiedet sich auf lakonische Art wieder von einem Land, in dem guter Wille allein eben nicht reicht, um die Verh\u00e4ltnisse zu \u00bbnormalisieren \u00ab. Aber \u00fcber Politik wird hier nicht gesprochen. Dass politisches Handeln allein helfen kann \u2013 das sieht man.\u00ab<\/em><\/p>\n\n\n\n<p>epd-film<\/p>\n\n\n\n<p><a href=\"https:\/\/relevantfilm.de\/?movie=alles-fuer-meinen-vater\">Link zum Film<\/a><\/p>\n\n\n\n<p><\/p>\n","protected":false},"excerpt":{"rendered":"<p>Aus aktuellem Anlass Unser preisgekr\u00f6nter Spielfilm &#8218;Alles f\u00fcr meinen Vater&#8218; wird&nbsp;in der Nacht von Pfingstmontag auf Dienstag, den 21.05.2024,&nbsp;um 00:20 &#8211; 01:50 Uhr im NDR-Fernsehen gezeigt und ist dann in der NDR Mediathek verf\u00fcgbar. Der Film ist in diesen menschenverachtenden Kriegszeiten ein sensibel und ber\u00fchrend erz\u00e4hltes Statement zur Verst\u00e4ndigung zwischen Juden und Pal\u00e4stinensern.&nbsp; Die preisgekr\u00f6nte, [&hellip;]<\/p>\n","protected":false},"author":4,"featured_media":3321,"comment_status":"closed","ping_status":"closed","sticky":false,"template":"","format":"standard","meta":{"_acf_changed":false,"footnotes":""},"categories":[21,23],"tags":[],"post_flags":[],"class_list":["post-3317","post","type-post","status-publish","format-standard","has-post-thumbnail","hentry","category-in-mediatheken","category-aktueller-film"],"acf":[],"yoast_head":"<!-- This site is optimized with the Yoast SEO plugin v27.5 - https:\/\/yoast.com\/product\/yoast-seo-wordpress\/ -->\n<title>&#039;Alles f\u00fcr meinen Vater&#039;\u00a0in der israelisch-arabischen Filmnacht\u00a0im NDR\u00a0&amp; Mediathek - Relevant Film<\/title>\n<meta name=\"robots\" content=\"index, follow, max-snippet:-1, max-image-preview:large, max-video-preview:-1\" \/>\n<link rel=\"canonical\" href=\"https:\/\/relevantfilm.de\/?p=3317\" \/>\n<meta property=\"og:locale\" content=\"de_DE\" \/>\n<meta property=\"og:type\" content=\"article\" \/>\n<meta property=\"og:title\" content=\"&#039;Alles f\u00fcr meinen Vater&#039;\u00a0in der israelisch-arabischen Filmnacht\u00a0im NDR\u00a0&amp; Mediathek - Relevant Film\" \/>\n<meta property=\"og:description\" content=\"Aus aktuellem Anlass Unser preisgekr\u00f6nter Spielfilm &#8218;Alles f\u00fcr meinen Vater&#8218; wird&nbsp;in der Nacht von Pfingstmontag auf Dienstag, den 21.05.2024,&nbsp;um 00:20 &#8211; 01:50 Uhr im NDR-Fernsehen gezeigt und ist dann in der NDR Mediathek verf\u00fcgbar. Der Film ist in diesen menschenverachtenden Kriegszeiten ein sensibel und ber\u00fchrend erz\u00e4hltes Statement zur Verst\u00e4ndigung zwischen Juden und Pal\u00e4stinensern.&nbsp; Die preisgekr\u00f6nte, [&hellip;]\" \/>\n<meta property=\"og:url\" content=\"https:\/\/relevantfilm.de\/?p=3317\" \/>\n<meta property=\"og:site_name\" content=\"Relevant Film\" \/>\n<meta property=\"article:published_time\" content=\"2024-02-17T13:45:43+00:00\" \/>\n<meta property=\"article:modified_time\" content=\"2026-04-21T18:32:11+00:00\" \/>\n<meta property=\"og:image\" content=\"https:\/\/relevantfilm.de\/wp-content\/uploads\/2024\/05\/AllesFuerMeinenVater_004-scaled.jpg\" \/>\n\t<meta property=\"og:image:width\" content=\"2560\" \/>\n\t<meta property=\"og:image:height\" content=\"1707\" \/>\n\t<meta property=\"og:image:type\" content=\"image\/jpeg\" \/>\n<meta name=\"author\" content=\"Andrea Terres\" \/>\n<meta name=\"twitter:card\" content=\"summary_large_image\" \/>\n<meta name=\"twitter:label1\" content=\"Verfasst von\" \/>\n\t<meta name=\"twitter:data1\" content=\"Andrea Terres\" \/>\n\t<meta name=\"twitter:label2\" content=\"Gesch\u00e4tzte Lesezeit\" \/>\n\t<meta name=\"twitter:data2\" content=\"3\u00a0Minuten\" \/>\n<script type=\"application\/ld+json\" class=\"yoast-schema-graph\">{\"@context\":\"https:\\\/\\\/schema.org\",\"@graph\":[{\"@type\":\"Article\",\"@id\":\"https:\\\/\\\/relevantfilm.de\\\/?p=3317#article\",\"isPartOf\":{\"@id\":\"https:\\\/\\\/relevantfilm.de\\\/?p=3317\"},\"author\":{\"name\":\"Andrea Terres\",\"@id\":\"https:\\\/\\\/relevantfilm.de\\\/#\\\/schema\\\/person\\\/d6073aa92f488058d40d10b2043b11cb\"},\"headline\":\"&#8218;Alles f\u00fcr meinen Vater&#8216;\u00a0in der israelisch-arabischen Filmnacht\u00a0im NDR\u00a0&amp; Mediathek\",\"datePublished\":\"2024-02-17T13:45:43+00:00\",\"dateModified\":\"2026-04-21T18:32:11+00:00\",\"mainEntityOfPage\":{\"@id\":\"https:\\\/\\\/relevantfilm.de\\\/?p=3317\"},\"wordCount\":335,\"image\":{\"@id\":\"https:\\\/\\\/relevantfilm.de\\\/?p=3317#primaryimage\"},\"thumbnailUrl\":\"https:\\\/\\\/relevantfilm.de\\\/wp-content\\\/uploads\\\/2024\\\/05\\\/AllesFuerMeinenVater_004-scaled.jpg\",\"articleSection\":[\"In Mediatheken\",\"Aktueller Film\"],\"inLanguage\":\"de\"},{\"@type\":\"WebPage\",\"@id\":\"https:\\\/\\\/relevantfilm.de\\\/?p=3317\",\"url\":\"https:\\\/\\\/relevantfilm.de\\\/?p=3317\",\"name\":\"'Alles f\u00fcr meinen Vater'\u00a0in der israelisch-arabischen Filmnacht\u00a0im NDR\u00a0&amp; Mediathek - Relevant Film\",\"isPartOf\":{\"@id\":\"https:\\\/\\\/relevantfilm.de\\\/#website\"},\"primaryImageOfPage\":{\"@id\":\"https:\\\/\\\/relevantfilm.de\\\/?p=3317#primaryimage\"},\"image\":{\"@id\":\"https:\\\/\\\/relevantfilm.de\\\/?p=3317#primaryimage\"},\"thumbnailUrl\":\"https:\\\/\\\/relevantfilm.de\\\/wp-content\\\/uploads\\\/2024\\\/05\\\/AllesFuerMeinenVater_004-scaled.jpg\",\"datePublished\":\"2024-02-17T13:45:43+00:00\",\"dateModified\":\"2026-04-21T18:32:11+00:00\",\"author\":{\"@id\":\"https:\\\/\\\/relevantfilm.de\\\/#\\\/schema\\\/person\\\/d6073aa92f488058d40d10b2043b11cb\"},\"breadcrumb\":{\"@id\":\"https:\\\/\\\/relevantfilm.de\\\/?p=3317#breadcrumb\"},\"inLanguage\":\"de\",\"potentialAction\":[{\"@type\":\"ReadAction\",\"target\":[\"https:\\\/\\\/relevantfilm.de\\\/?p=3317\"]}]},{\"@type\":\"ImageObject\",\"inLanguage\":\"de\",\"@id\":\"https:\\\/\\\/relevantfilm.de\\\/?p=3317#primaryimage\",\"url\":\"https:\\\/\\\/relevantfilm.de\\\/wp-content\\\/uploads\\\/2024\\\/05\\\/AllesFuerMeinenVater_004-scaled.jpg\",\"contentUrl\":\"https:\\\/\\\/relevantfilm.de\\\/wp-content\\\/uploads\\\/2024\\\/05\\\/AllesFuerMeinenVater_004-scaled.jpg\",\"width\":2560,\"height\":1707,\"caption\":\"Moment des Gl\u00fccks: Keren (Hili Yalon) und Tarek (Shredy Jabarin) radeln durch die Stadt.\"},{\"@type\":\"BreadcrumbList\",\"@id\":\"https:\\\/\\\/relevantfilm.de\\\/?p=3317#breadcrumb\",\"itemListElement\":[{\"@type\":\"ListItem\",\"position\":1,\"name\":\"Startseite\",\"item\":\"https:\\\/\\\/relevantfilm.de\\\/\"},{\"@type\":\"ListItem\",\"position\":2,\"name\":\"&#8218;Alles f\u00fcr meinen Vater&#8216;\u00a0in der israelisch-arabischen Filmnacht\u00a0im NDR\u00a0&amp; Mediathek\"}]},{\"@type\":\"WebSite\",\"@id\":\"https:\\\/\\\/relevantfilm.de\\\/#website\",\"url\":\"https:\\\/\\\/relevantfilm.de\\\/\",\"name\":\"Relevant Film\",\"description\":\"Filmproduktion Hamburg\",\"potentialAction\":[{\"@type\":\"SearchAction\",\"target\":{\"@type\":\"EntryPoint\",\"urlTemplate\":\"https:\\\/\\\/relevantfilm.de\\\/?s={search_term_string}\"},\"query-input\":{\"@type\":\"PropertyValueSpecification\",\"valueRequired\":true,\"valueName\":\"search_term_string\"}}],\"inLanguage\":\"de\"},{\"@type\":\"Person\",\"@id\":\"https:\\\/\\\/relevantfilm.de\\\/#\\\/schema\\\/person\\\/d6073aa92f488058d40d10b2043b11cb\",\"name\":\"Andrea Terres\",\"image\":{\"@type\":\"ImageObject\",\"inLanguage\":\"de\",\"@id\":\"https:\\\/\\\/secure.gravatar.com\\\/avatar\\\/f21af11c76b104d5b091cd12cd5d64e7a1d1302151e5af94a0b186c96e9c073c?s=96&d=mm&r=g\",\"url\":\"https:\\\/\\\/secure.gravatar.com\\\/avatar\\\/f21af11c76b104d5b091cd12cd5d64e7a1d1302151e5af94a0b186c96e9c073c?s=96&d=mm&r=g\",\"contentUrl\":\"https:\\\/\\\/secure.gravatar.com\\\/avatar\\\/f21af11c76b104d5b091cd12cd5d64e7a1d1302151e5af94a0b186c96e9c073c?s=96&d=mm&r=g\",\"caption\":\"Andrea Terres\"},\"sameAs\":[\"https:\\\/\\\/relevantfilm.de\\\/\"],\"url\":\"https:\\\/\\\/relevantfilm.de\\\/?author=4\"}]}<\/script>\n<!-- \/ Yoast SEO plugin. -->","yoast_head_json":{"title":"'Alles f\u00fcr meinen Vater'\u00a0in der israelisch-arabischen Filmnacht\u00a0im NDR\u00a0&amp; Mediathek - Relevant Film","robots":{"index":"index","follow":"follow","max-snippet":"max-snippet:-1","max-image-preview":"max-image-preview:large","max-video-preview":"max-video-preview:-1"},"canonical":"https:\/\/relevantfilm.de\/?p=3317","og_locale":"de_DE","og_type":"article","og_title":"'Alles f\u00fcr meinen Vater'\u00a0in der israelisch-arabischen Filmnacht\u00a0im NDR\u00a0&amp; Mediathek - Relevant Film","og_description":"Aus aktuellem Anlass Unser preisgekr\u00f6nter Spielfilm &#8218;Alles f\u00fcr meinen Vater&#8218; wird&nbsp;in der Nacht von Pfingstmontag auf Dienstag, den 21.05.2024,&nbsp;um 00:20 &#8211; 01:50 Uhr im NDR-Fernsehen gezeigt und ist dann in der NDR Mediathek verf\u00fcgbar. Der Film ist in diesen menschenverachtenden Kriegszeiten ein sensibel und ber\u00fchrend erz\u00e4hltes Statement zur Verst\u00e4ndigung zwischen Juden und Pal\u00e4stinensern.&nbsp; Die preisgekr\u00f6nte, [&hellip;]","og_url":"https:\/\/relevantfilm.de\/?p=3317","og_site_name":"Relevant Film","article_published_time":"2024-02-17T13:45:43+00:00","article_modified_time":"2026-04-21T18:32:11+00:00","og_image":[{"width":2560,"height":1707,"url":"https:\/\/relevantfilm.de\/wp-content\/uploads\/2024\/05\/AllesFuerMeinenVater_004-scaled.jpg","type":"image\/jpeg"}],"author":"Andrea Terres","twitter_card":"summary_large_image","twitter_misc":{"Verfasst von":"Andrea Terres","Gesch\u00e4tzte Lesezeit":"3\u00a0Minuten"},"schema":{"@context":"https:\/\/schema.org","@graph":[{"@type":"Article","@id":"https:\/\/relevantfilm.de\/?p=3317#article","isPartOf":{"@id":"https:\/\/relevantfilm.de\/?p=3317"},"author":{"name":"Andrea Terres","@id":"https:\/\/relevantfilm.de\/#\/schema\/person\/d6073aa92f488058d40d10b2043b11cb"},"headline":"&#8218;Alles f\u00fcr meinen Vater&#8216;\u00a0in der israelisch-arabischen Filmnacht\u00a0im NDR\u00a0&amp; Mediathek","datePublished":"2024-02-17T13:45:43+00:00","dateModified":"2026-04-21T18:32:11+00:00","mainEntityOfPage":{"@id":"https:\/\/relevantfilm.de\/?p=3317"},"wordCount":335,"image":{"@id":"https:\/\/relevantfilm.de\/?p=3317#primaryimage"},"thumbnailUrl":"https:\/\/relevantfilm.de\/wp-content\/uploads\/2024\/05\/AllesFuerMeinenVater_004-scaled.jpg","articleSection":["In Mediatheken","Aktueller Film"],"inLanguage":"de"},{"@type":"WebPage","@id":"https:\/\/relevantfilm.de\/?p=3317","url":"https:\/\/relevantfilm.de\/?p=3317","name":"'Alles f\u00fcr meinen Vater'\u00a0in der israelisch-arabischen Filmnacht\u00a0im NDR\u00a0&amp; Mediathek - Relevant Film","isPartOf":{"@id":"https:\/\/relevantfilm.de\/#website"},"primaryImageOfPage":{"@id":"https:\/\/relevantfilm.de\/?p=3317#primaryimage"},"image":{"@id":"https:\/\/relevantfilm.de\/?p=3317#primaryimage"},"thumbnailUrl":"https:\/\/relevantfilm.de\/wp-content\/uploads\/2024\/05\/AllesFuerMeinenVater_004-scaled.jpg","datePublished":"2024-02-17T13:45:43+00:00","dateModified":"2026-04-21T18:32:11+00:00","author":{"@id":"https:\/\/relevantfilm.de\/#\/schema\/person\/d6073aa92f488058d40d10b2043b11cb"},"breadcrumb":{"@id":"https:\/\/relevantfilm.de\/?p=3317#breadcrumb"},"inLanguage":"de","potentialAction":[{"@type":"ReadAction","target":["https:\/\/relevantfilm.de\/?p=3317"]}]},{"@type":"ImageObject","inLanguage":"de","@id":"https:\/\/relevantfilm.de\/?p=3317#primaryimage","url":"https:\/\/relevantfilm.de\/wp-content\/uploads\/2024\/05\/AllesFuerMeinenVater_004-scaled.jpg","contentUrl":"https:\/\/relevantfilm.de\/wp-content\/uploads\/2024\/05\/AllesFuerMeinenVater_004-scaled.jpg","width":2560,"height":1707,"caption":"Moment des Gl\u00fccks: Keren (Hili Yalon) und Tarek (Shredy Jabarin) radeln durch die Stadt."},{"@type":"BreadcrumbList","@id":"https:\/\/relevantfilm.de\/?p=3317#breadcrumb","itemListElement":[{"@type":"ListItem","position":1,"name":"Startseite","item":"https:\/\/relevantfilm.de\/"},{"@type":"ListItem","position":2,"name":"&#8218;Alles f\u00fcr meinen Vater&#8216;\u00a0in der israelisch-arabischen Filmnacht\u00a0im NDR\u00a0&amp; Mediathek"}]},{"@type":"WebSite","@id":"https:\/\/relevantfilm.de\/#website","url":"https:\/\/relevantfilm.de\/","name":"Relevant Film","description":"Filmproduktion Hamburg","potentialAction":[{"@type":"SearchAction","target":{"@type":"EntryPoint","urlTemplate":"https:\/\/relevantfilm.de\/?s={search_term_string}"},"query-input":{"@type":"PropertyValueSpecification","valueRequired":true,"valueName":"search_term_string"}}],"inLanguage":"de"},{"@type":"Person","@id":"https:\/\/relevantfilm.de\/#\/schema\/person\/d6073aa92f488058d40d10b2043b11cb","name":"Andrea Terres","image":{"@type":"ImageObject","inLanguage":"de","@id":"https:\/\/secure.gravatar.com\/avatar\/f21af11c76b104d5b091cd12cd5d64e7a1d1302151e5af94a0b186c96e9c073c?s=96&d=mm&r=g","url":"https:\/\/secure.gravatar.com\/avatar\/f21af11c76b104d5b091cd12cd5d64e7a1d1302151e5af94a0b186c96e9c073c?s=96&d=mm&r=g","contentUrl":"https:\/\/secure.gravatar.com\/avatar\/f21af11c76b104d5b091cd12cd5d64e7a1d1302151e5af94a0b186c96e9c073c?s=96&d=mm&r=g","caption":"Andrea Terres"},"sameAs":["https:\/\/relevantfilm.de\/"],"url":"https:\/\/relevantfilm.de\/?author=4"}]}},"_links":{"self":[{"href":"https:\/\/relevantfilm.de\/index.php?rest_route=\/wp\/v2\/posts\/3317","targetHints":{"allow":["GET"]}}],"collection":[{"href":"https:\/\/relevantfilm.de\/index.php?rest_route=\/wp\/v2\/posts"}],"about":[{"href":"https:\/\/relevantfilm.de\/index.php?rest_route=\/wp\/v2\/types\/post"}],"author":[{"embeddable":true,"href":"https:\/\/relevantfilm.de\/index.php?rest_route=\/wp\/v2\/users\/4"}],"replies":[{"embeddable":true,"href":"https:\/\/relevantfilm.de\/index.php?rest_route=%2Fwp%2Fv2%2Fcomments&post=3317"}],"version-history":[{"count":13,"href":"https:\/\/relevantfilm.de\/index.php?rest_route=\/wp\/v2\/posts\/3317\/revisions"}],"predecessor-version":[{"id":3350,"href":"https:\/\/relevantfilm.de\/index.php?rest_route=\/wp\/v2\/posts\/3317\/revisions\/3350"}],"wp:featuredmedia":[{"embeddable":true,"href":"https:\/\/relevantfilm.de\/index.php?rest_route=\/wp\/v2\/media\/3321"}],"wp:attachment":[{"href":"https:\/\/relevantfilm.de\/index.php?rest_route=%2Fwp%2Fv2%2Fmedia&parent=3317"}],"wp:term":[{"taxonomy":"category","embeddable":true,"href":"https:\/\/relevantfilm.de\/index.php?rest_route=%2Fwp%2Fv2%2Fcategories&post=3317"},{"taxonomy":"post_tag","embeddable":true,"href":"https:\/\/relevantfilm.de\/index.php?rest_route=%2Fwp%2Fv2%2Ftags&post=3317"},{"taxonomy":"post_flag","embeddable":true,"href":"https:\/\/relevantfilm.de\/index.php?rest_route=%2Fwp%2Fv2%2Fpost_flags&post=3317"}],"curies":[{"name":"wp","href":"https:\/\/api.w.org\/{rel}","templated":true}]}}