{"id":3389,"date":"2024-08-09T12:04:21","date_gmt":"2024-08-09T10:04:21","guid":{"rendered":"https:\/\/relevantfilm.de\/?p=3389"},"modified":"2026-04-21T20:31:53","modified_gmt":"2026-04-21T18:31:53","slug":"abgedreht-der-blick-in-die-sonne","status":"publish","type":"post","link":"https:\/\/relevantfilm.de\/?p=3389","title":{"rendered":"Abgedreht: &#8218;Das verschwundene Kind&#8216; (Arbeitstitel: &#8218;Der Blick in die Sonne&#8216;)"},"content":{"rendered":"\n<p><strong>Die Dreharbeiten f\u00fcr unser prominent besetztes Fernsehdrama &#8218;Das verschwundene Kind&#8216; (noch unter dem Arbeitstitel &#8218;Der Blick in die Sonne&#8216;), das wir in Hamburg und Umgebung f\u00fcr das ZDF gedreht haben, sind abgeschlossen.<\/strong><\/p>\n\n\n\n<p>Regisseurin <strong>Sabine Bernardi<\/strong> inszeniert die Geschichte um ein schwieriges Kind, die vier Freunde<strong> <\/strong>zur Auseinandersetzung mit Lebensl\u00fcgen zwingt.<\/p>\n\n\n\n<p>Inmitten der Sch\u00f6nheit der Mittleren Elbtalaue verwirklichen vier Freunde ihren Traum von einer Hausgemeinschaft. Sophie (<strong>Julia Koschitz<\/strong>), Thies (<strong>Mark Waschke<\/strong>), Bodo (<strong>Hans L\u00f6w<\/strong>) und Inga (<strong>Anna Schudt<\/strong>) wollen eine intakte Einheit bilden, ihre drei Kinder gemeinsam erziehen und mit der Natur im Einklang leben. Doch es kommt anders: die Wirkmacht einer L\u00fcge stellt alles in Frage, was sie sich gemeinsam aufgebaut haben.<\/p>\n\n\n\n<p>Das Drehbuch stammt von Silke Zertz&nbsp;nach Motiven des Romans &#8222;Unter Wasser Nacht&#8220; von Kristina Hauff. In weiteren Rollen stehen Sammy Schrein, Jona Levi Nicolai, C\u00e4cilia Kirchner und viele andere vor der Kamera.<\/p>\n\n\n\n<figure class=\"wp-block-image size-large\"><img loading=\"lazy\" decoding=\"async\" width=\"1024\" height=\"683\" src=\"https:\/\/relevantfilm.de\/wp-content\/uploads\/2024\/07\/1777BlicKindieSonne-Gruppenfotos-1024x683.jpg\" alt=\"\" class=\"wp-image-3394\" srcset=\"https:\/\/relevantfilm.de\/wp-content\/uploads\/2024\/07\/1777BlicKindieSonne-Gruppenfotos-1024x683.jpg 1024w, https:\/\/relevantfilm.de\/wp-content\/uploads\/2024\/07\/1777BlicKindieSonne-Gruppenfotos-300x200.jpg 300w, https:\/\/relevantfilm.de\/wp-content\/uploads\/2024\/07\/1777BlicKindieSonne-Gruppenfotos-768x512.jpg 768w, https:\/\/relevantfilm.de\/wp-content\/uploads\/2024\/07\/1777BlicKindieSonne-Gruppenfotos-1536x1024.jpg 1536w, https:\/\/relevantfilm.de\/wp-content\/uploads\/2024\/07\/1777BlicKindieSonne-Gruppenfotos-2048x1365.jpg 2048w\" sizes=\"(max-width: 1024px) 100vw, 1024px\" \/><figcaption class=\"wp-element-caption\">Am Set in Neversdorf f\u00fcr die Dreharbeiten der ZDF-Produktion &#8218;Das verschwundne Kind&#8216; (AT: &#8218;Der Blick in die Sonne&#8216;) \u0093 v.l.n.r.: Oliver T\u00f6rner (Rolle Ulrich Volkmann), Ulrike Johannson (Rolle Edith Volkmann), Janina Sch\u00f6ttler (stellv. B\u00fcrgermeisterin Gemeinde Neversdorf), Andreas Nixdorf (B\u00fcrgermeister Gemeinde Neversdorf), Hans L\u00f6w (Rolle Bodo Herzog), Anna Schudt (Rolle Inga Volkmann), Mark Waschke (Rolle Thies Buchholz), Silke Zertz (Drehbuchautorin), Julia Koschitz (Rolle Sophie Buchholz), Heike Wiehle-Timm (Produzentin). \u00a9 Relevant Film, ZDF \/ Andrea K\u00fcppers<\/figcaption><\/figure>\n\n\n\n<p>Der Fernsehfilm wird von der Relevant Film Produktion GmbH (Produzentin: Heike-Wiehle Timm) produziert. Die verantwortliche Redaktion im ZDF hat Solveig Cornelisen.<\/p>\n\n\n\n<p>Die Dreharbeiten fanden Fr\u00fchjahr 2024 im Hamburger Umland und im Wendland statt. Ein Sendetermin steht noch nicht fest.<\/p>\n","protected":false},"excerpt":{"rendered":"<p>Die Dreharbeiten f\u00fcr unser prominent besetztes Fernsehdrama &#8218;Das verschwundene Kind&#8216; (noch unter dem Arbeitstitel &#8218;Der Blick in die Sonne&#8216;), das wir in Hamburg und Umgebung f\u00fcr das ZDF gedreht haben, sind abgeschlossen. Regisseurin Sabine Bernardi inszeniert die Geschichte um ein schwieriges Kind, die vier Freunde zur Auseinandersetzung mit Lebensl\u00fcgen zwingt. Inmitten der Sch\u00f6nheit der Mittleren [&hellip;]<\/p>\n","protected":false},"author":3,"featured_media":3393,"comment_status":"closed","ping_status":"closed","sticky":false,"template":"","format":"standard","meta":{"_acf_changed":false,"footnotes":""},"categories":[23,22],"tags":[54,53],"post_flags":[],"class_list":["post-3389","post","type-post","status-publish","format-standard","has-post-thumbnail","hentry","category-aktueller-film","category-in-eigener-sache","tag-abgedreht","tag-in-postproduktion"],"acf":[],"yoast_head":"<!-- This site is optimized with the Yoast SEO plugin v27.5 - https:\/\/yoast.com\/product\/yoast-seo-wordpress\/ -->\n<title>Abgedreht: &#039;Das verschwundene Kind&#039; (Arbeitstitel: &#039;Der Blick in die Sonne&#039;) - Relevant Film<\/title>\n<meta name=\"robots\" content=\"index, follow, max-snippet:-1, max-image-preview:large, max-video-preview:-1\" \/>\n<link rel=\"canonical\" href=\"https:\/\/relevantfilm.de\/?p=3389\" \/>\n<meta property=\"og:locale\" content=\"de_DE\" \/>\n<meta property=\"og:type\" content=\"article\" \/>\n<meta property=\"og:title\" content=\"Abgedreht: &#039;Das verschwundene Kind&#039; (Arbeitstitel: &#039;Der Blick in die Sonne&#039;) - Relevant Film\" \/>\n<meta property=\"og:description\" content=\"Die Dreharbeiten f\u00fcr unser prominent besetztes Fernsehdrama &#8218;Das verschwundene Kind&#8216; (noch unter dem Arbeitstitel &#8218;Der Blick in die Sonne&#8216;), das wir in Hamburg und Umgebung f\u00fcr das ZDF gedreht haben, sind abgeschlossen. Regisseurin Sabine Bernardi inszeniert die Geschichte um ein schwieriges Kind, die vier Freunde zur Auseinandersetzung mit Lebensl\u00fcgen zwingt. Inmitten der Sch\u00f6nheit der Mittleren [&hellip;]\" \/>\n<meta property=\"og:url\" content=\"https:\/\/relevantfilm.de\/?p=3389\" \/>\n<meta property=\"og:site_name\" content=\"Relevant Film\" \/>\n<meta property=\"article:published_time\" content=\"2024-08-09T10:04:21+00:00\" \/>\n<meta property=\"article:modified_time\" content=\"2026-04-21T18:31:53+00:00\" \/>\n<meta property=\"og:image\" content=\"https:\/\/relevantfilm.de\/wp-content\/uploads\/2024\/07\/7519BlickindieSonne-Drehstartfoto-scaled-e1723623611272.jpg\" \/>\n\t<meta property=\"og:image:width\" content=\"2560\" \/>\n\t<meta property=\"og:image:height\" content=\"1164\" \/>\n\t<meta property=\"og:image:type\" content=\"image\/jpeg\" \/>\n<meta name=\"author\" content=\"Judica Schrammeck\" \/>\n<meta name=\"twitter:card\" content=\"summary_large_image\" \/>\n<meta name=\"twitter:label1\" content=\"Verfasst von\" \/>\n\t<meta name=\"twitter:data1\" content=\"Judica Schrammeck\" \/>\n\t<meta name=\"twitter:label2\" content=\"Gesch\u00e4tzte Lesezeit\" \/>\n\t<meta name=\"twitter:data2\" content=\"2\u00a0Minuten\" \/>\n<script type=\"application\/ld+json\" class=\"yoast-schema-graph\">{\"@context\":\"https:\\\/\\\/schema.org\",\"@graph\":[{\"@type\":\"Article\",\"@id\":\"https:\\\/\\\/relevantfilm.de\\\/?p=3389#article\",\"isPartOf\":{\"@id\":\"https:\\\/\\\/relevantfilm.de\\\/?p=3389\"},\"author\":{\"name\":\"Judica Schrammeck\",\"@id\":\"https:\\\/\\\/relevantfilm.de\\\/#\\\/schema\\\/person\\\/e958a283c85c399b0c52c732f5c60228\"},\"headline\":\"Abgedreht: &#8218;Das verschwundene Kind&#8216; (Arbeitstitel: &#8218;Der Blick in die Sonne&#8216;)\",\"datePublished\":\"2024-08-09T10:04:21+00:00\",\"dateModified\":\"2026-04-21T18:31:53+00:00\",\"mainEntityOfPage\":{\"@id\":\"https:\\\/\\\/relevantfilm.de\\\/?p=3389\"},\"wordCount\":283,\"image\":{\"@id\":\"https:\\\/\\\/relevantfilm.de\\\/?p=3389#primaryimage\"},\"thumbnailUrl\":\"https:\\\/\\\/relevantfilm.de\\\/wp-content\\\/uploads\\\/2024\\\/07\\\/7519BlickindieSonne-Drehstartfoto-scaled-e1723623611272.jpg\",\"keywords\":[\"Abgedreht\",\"in Postproduktion\"],\"articleSection\":[\"Aktueller Film\",\"In eigener Sache\"],\"inLanguage\":\"de\"},{\"@type\":\"WebPage\",\"@id\":\"https:\\\/\\\/relevantfilm.de\\\/?p=3389\",\"url\":\"https:\\\/\\\/relevantfilm.de\\\/?p=3389\",\"name\":\"Abgedreht: 'Das verschwundene Kind' (Arbeitstitel: 'Der Blick in die Sonne') - Relevant Film\",\"isPartOf\":{\"@id\":\"https:\\\/\\\/relevantfilm.de\\\/#website\"},\"primaryImageOfPage\":{\"@id\":\"https:\\\/\\\/relevantfilm.de\\\/?p=3389#primaryimage\"},\"image\":{\"@id\":\"https:\\\/\\\/relevantfilm.de\\\/?p=3389#primaryimage\"},\"thumbnailUrl\":\"https:\\\/\\\/relevantfilm.de\\\/wp-content\\\/uploads\\\/2024\\\/07\\\/7519BlickindieSonne-Drehstartfoto-scaled-e1723623611272.jpg\",\"datePublished\":\"2024-08-09T10:04:21+00:00\",\"dateModified\":\"2026-04-21T18:31:53+00:00\",\"author\":{\"@id\":\"https:\\\/\\\/relevantfilm.de\\\/#\\\/schema\\\/person\\\/e958a283c85c399b0c52c732f5c60228\"},\"breadcrumb\":{\"@id\":\"https:\\\/\\\/relevantfilm.de\\\/?p=3389#breadcrumb\"},\"inLanguage\":\"de\",\"potentialAction\":[{\"@type\":\"ReadAction\",\"target\":[\"https:\\\/\\\/relevantfilm.de\\\/?p=3389\"]}]},{\"@type\":\"ImageObject\",\"inLanguage\":\"de\",\"@id\":\"https:\\\/\\\/relevantfilm.de\\\/?p=3389#primaryimage\",\"url\":\"https:\\\/\\\/relevantfilm.de\\\/wp-content\\\/uploads\\\/2024\\\/07\\\/7519BlickindieSonne-Drehstartfoto-scaled-e1723623611272.jpg\",\"contentUrl\":\"https:\\\/\\\/relevantfilm.de\\\/wp-content\\\/uploads\\\/2024\\\/07\\\/7519BlickindieSonne-Drehstartfoto-scaled-e1723623611272.jpg\",\"width\":2560,\"height\":1164,\"caption\":\"Marc-Anna-Julia-Hans\"},{\"@type\":\"BreadcrumbList\",\"@id\":\"https:\\\/\\\/relevantfilm.de\\\/?p=3389#breadcrumb\",\"itemListElement\":[{\"@type\":\"ListItem\",\"position\":1,\"name\":\"Startseite\",\"item\":\"https:\\\/\\\/relevantfilm.de\\\/\"},{\"@type\":\"ListItem\",\"position\":2,\"name\":\"Abgedreht: &#8218;Das verschwundene Kind&#8216; (Arbeitstitel: &#8218;Der Blick in die Sonne&#8216;)\"}]},{\"@type\":\"WebSite\",\"@id\":\"https:\\\/\\\/relevantfilm.de\\\/#website\",\"url\":\"https:\\\/\\\/relevantfilm.de\\\/\",\"name\":\"Relevant Film\",\"description\":\"Filmproduktion Hamburg\",\"potentialAction\":[{\"@type\":\"SearchAction\",\"target\":{\"@type\":\"EntryPoint\",\"urlTemplate\":\"https:\\\/\\\/relevantfilm.de\\\/?s={search_term_string}\"},\"query-input\":{\"@type\":\"PropertyValueSpecification\",\"valueRequired\":true,\"valueName\":\"search_term_string\"}}],\"inLanguage\":\"de\"},{\"@type\":\"Person\",\"@id\":\"https:\\\/\\\/relevantfilm.de\\\/#\\\/schema\\\/person\\\/e958a283c85c399b0c52c732f5c60228\",\"name\":\"Judica Schrammeck\",\"image\":{\"@type\":\"ImageObject\",\"inLanguage\":\"de\",\"@id\":\"https:\\\/\\\/secure.gravatar.com\\\/avatar\\\/b19e9ce218a797f1052c4030b2e615bf8ee2784409b0cedc8c6e44506f5df67d?s=96&d=mm&r=g\",\"url\":\"https:\\\/\\\/secure.gravatar.com\\\/avatar\\\/b19e9ce218a797f1052c4030b2e615bf8ee2784409b0cedc8c6e44506f5df67d?s=96&d=mm&r=g\",\"contentUrl\":\"https:\\\/\\\/secure.gravatar.com\\\/avatar\\\/b19e9ce218a797f1052c4030b2e615bf8ee2784409b0cedc8c6e44506f5df67d?s=96&d=mm&r=g\",\"caption\":\"Judica Schrammeck\"},\"sameAs\":[\"https:\\\/\\\/relevantfilm.de\\\/\"],\"url\":\"https:\\\/\\\/relevantfilm.de\\\/?author=3\"}]}<\/script>\n<!-- \/ Yoast SEO plugin. -->","yoast_head_json":{"title":"Abgedreht: 'Das verschwundene Kind' (Arbeitstitel: 'Der Blick in die Sonne') - Relevant Film","robots":{"index":"index","follow":"follow","max-snippet":"max-snippet:-1","max-image-preview":"max-image-preview:large","max-video-preview":"max-video-preview:-1"},"canonical":"https:\/\/relevantfilm.de\/?p=3389","og_locale":"de_DE","og_type":"article","og_title":"Abgedreht: 'Das verschwundene Kind' (Arbeitstitel: 'Der Blick in die Sonne') - Relevant Film","og_description":"Die Dreharbeiten f\u00fcr unser prominent besetztes Fernsehdrama &#8218;Das verschwundene Kind&#8216; (noch unter dem Arbeitstitel &#8218;Der Blick in die Sonne&#8216;), das wir in Hamburg und Umgebung f\u00fcr das ZDF gedreht haben, sind abgeschlossen. Regisseurin Sabine Bernardi inszeniert die Geschichte um ein schwieriges Kind, die vier Freunde zur Auseinandersetzung mit Lebensl\u00fcgen zwingt. Inmitten der Sch\u00f6nheit der Mittleren [&hellip;]","og_url":"https:\/\/relevantfilm.de\/?p=3389","og_site_name":"Relevant Film","article_published_time":"2024-08-09T10:04:21+00:00","article_modified_time":"2026-04-21T18:31:53+00:00","og_image":[{"width":2560,"height":1164,"url":"https:\/\/relevantfilm.de\/wp-content\/uploads\/2024\/07\/7519BlickindieSonne-Drehstartfoto-scaled-e1723623611272.jpg","type":"image\/jpeg"}],"author":"Judica Schrammeck","twitter_card":"summary_large_image","twitter_misc":{"Verfasst von":"Judica Schrammeck","Gesch\u00e4tzte Lesezeit":"2\u00a0Minuten"},"schema":{"@context":"https:\/\/schema.org","@graph":[{"@type":"Article","@id":"https:\/\/relevantfilm.de\/?p=3389#article","isPartOf":{"@id":"https:\/\/relevantfilm.de\/?p=3389"},"author":{"name":"Judica Schrammeck","@id":"https:\/\/relevantfilm.de\/#\/schema\/person\/e958a283c85c399b0c52c732f5c60228"},"headline":"Abgedreht: &#8218;Das verschwundene Kind&#8216; (Arbeitstitel: &#8218;Der Blick in die Sonne&#8216;)","datePublished":"2024-08-09T10:04:21+00:00","dateModified":"2026-04-21T18:31:53+00:00","mainEntityOfPage":{"@id":"https:\/\/relevantfilm.de\/?p=3389"},"wordCount":283,"image":{"@id":"https:\/\/relevantfilm.de\/?p=3389#primaryimage"},"thumbnailUrl":"https:\/\/relevantfilm.de\/wp-content\/uploads\/2024\/07\/7519BlickindieSonne-Drehstartfoto-scaled-e1723623611272.jpg","keywords":["Abgedreht","in Postproduktion"],"articleSection":["Aktueller Film","In eigener Sache"],"inLanguage":"de"},{"@type":"WebPage","@id":"https:\/\/relevantfilm.de\/?p=3389","url":"https:\/\/relevantfilm.de\/?p=3389","name":"Abgedreht: 'Das verschwundene Kind' (Arbeitstitel: 'Der Blick in die Sonne') - Relevant Film","isPartOf":{"@id":"https:\/\/relevantfilm.de\/#website"},"primaryImageOfPage":{"@id":"https:\/\/relevantfilm.de\/?p=3389#primaryimage"},"image":{"@id":"https:\/\/relevantfilm.de\/?p=3389#primaryimage"},"thumbnailUrl":"https:\/\/relevantfilm.de\/wp-content\/uploads\/2024\/07\/7519BlickindieSonne-Drehstartfoto-scaled-e1723623611272.jpg","datePublished":"2024-08-09T10:04:21+00:00","dateModified":"2026-04-21T18:31:53+00:00","author":{"@id":"https:\/\/relevantfilm.de\/#\/schema\/person\/e958a283c85c399b0c52c732f5c60228"},"breadcrumb":{"@id":"https:\/\/relevantfilm.de\/?p=3389#breadcrumb"},"inLanguage":"de","potentialAction":[{"@type":"ReadAction","target":["https:\/\/relevantfilm.de\/?p=3389"]}]},{"@type":"ImageObject","inLanguage":"de","@id":"https:\/\/relevantfilm.de\/?p=3389#primaryimage","url":"https:\/\/relevantfilm.de\/wp-content\/uploads\/2024\/07\/7519BlickindieSonne-Drehstartfoto-scaled-e1723623611272.jpg","contentUrl":"https:\/\/relevantfilm.de\/wp-content\/uploads\/2024\/07\/7519BlickindieSonne-Drehstartfoto-scaled-e1723623611272.jpg","width":2560,"height":1164,"caption":"Marc-Anna-Julia-Hans"},{"@type":"BreadcrumbList","@id":"https:\/\/relevantfilm.de\/?p=3389#breadcrumb","itemListElement":[{"@type":"ListItem","position":1,"name":"Startseite","item":"https:\/\/relevantfilm.de\/"},{"@type":"ListItem","position":2,"name":"Abgedreht: &#8218;Das verschwundene Kind&#8216; (Arbeitstitel: &#8218;Der Blick in die Sonne&#8216;)"}]},{"@type":"WebSite","@id":"https:\/\/relevantfilm.de\/#website","url":"https:\/\/relevantfilm.de\/","name":"Relevant Film","description":"Filmproduktion Hamburg","potentialAction":[{"@type":"SearchAction","target":{"@type":"EntryPoint","urlTemplate":"https:\/\/relevantfilm.de\/?s={search_term_string}"},"query-input":{"@type":"PropertyValueSpecification","valueRequired":true,"valueName":"search_term_string"}}],"inLanguage":"de"},{"@type":"Person","@id":"https:\/\/relevantfilm.de\/#\/schema\/person\/e958a283c85c399b0c52c732f5c60228","name":"Judica Schrammeck","image":{"@type":"ImageObject","inLanguage":"de","@id":"https:\/\/secure.gravatar.com\/avatar\/b19e9ce218a797f1052c4030b2e615bf8ee2784409b0cedc8c6e44506f5df67d?s=96&d=mm&r=g","url":"https:\/\/secure.gravatar.com\/avatar\/b19e9ce218a797f1052c4030b2e615bf8ee2784409b0cedc8c6e44506f5df67d?s=96&d=mm&r=g","contentUrl":"https:\/\/secure.gravatar.com\/avatar\/b19e9ce218a797f1052c4030b2e615bf8ee2784409b0cedc8c6e44506f5df67d?s=96&d=mm&r=g","caption":"Judica Schrammeck"},"sameAs":["https:\/\/relevantfilm.de\/"],"url":"https:\/\/relevantfilm.de\/?author=3"}]}},"_links":{"self":[{"href":"https:\/\/relevantfilm.de\/index.php?rest_route=\/wp\/v2\/posts\/3389","targetHints":{"allow":["GET"]}}],"collection":[{"href":"https:\/\/relevantfilm.de\/index.php?rest_route=\/wp\/v2\/posts"}],"about":[{"href":"https:\/\/relevantfilm.de\/index.php?rest_route=\/wp\/v2\/types\/post"}],"author":[{"embeddable":true,"href":"https:\/\/relevantfilm.de\/index.php?rest_route=\/wp\/v2\/users\/3"}],"replies":[{"embeddable":true,"href":"https:\/\/relevantfilm.de\/index.php?rest_route=%2Fwp%2Fv2%2Fcomments&post=3389"}],"version-history":[{"count":7,"href":"https:\/\/relevantfilm.de\/index.php?rest_route=\/wp\/v2\/posts\/3389\/revisions"}],"predecessor-version":[{"id":3588,"href":"https:\/\/relevantfilm.de\/index.php?rest_route=\/wp\/v2\/posts\/3389\/revisions\/3588"}],"wp:featuredmedia":[{"embeddable":true,"href":"https:\/\/relevantfilm.de\/index.php?rest_route=\/wp\/v2\/media\/3393"}],"wp:attachment":[{"href":"https:\/\/relevantfilm.de\/index.php?rest_route=%2Fwp%2Fv2%2Fmedia&parent=3389"}],"wp:term":[{"taxonomy":"category","embeddable":true,"href":"https:\/\/relevantfilm.de\/index.php?rest_route=%2Fwp%2Fv2%2Fcategories&post=3389"},{"taxonomy":"post_tag","embeddable":true,"href":"https:\/\/relevantfilm.de\/index.php?rest_route=%2Fwp%2Fv2%2Ftags&post=3389"},{"taxonomy":"post_flag","embeddable":true,"href":"https:\/\/relevantfilm.de\/index.php?rest_route=%2Fwp%2Fv2%2Fpost_flags&post=3389"}],"curies":[{"name":"wp","href":"https:\/\/api.w.org\/{rel}","templated":true}]}}