{"id":3430,"date":"2024-11-04T12:29:43","date_gmt":"2024-11-04T11:29:43","guid":{"rendered":"https:\/\/relevantfilm.de\/?p=3430"},"modified":"2026-04-21T20:31:53","modified_gmt":"2026-04-21T18:31:53","slug":"wer-ohne-schuld-ist-erstausstrahlung-am-mittwoch-23-10-2024-im-ersten","status":"publish","type":"post","link":"https:\/\/relevantfilm.de\/?p=3430","title":{"rendered":"&#8218;Wer ohne Schuld ist&#8216; &#8211; Erstausstrahlung am Mittwoch, 23.10.2024 im Ersten"},"content":{"rendered":"\n<p class=\"has-medium-font-size\">&#8230;<strong>und bis zum 23.10.2025 weiterhin in der <\/strong><a href=\"https:\/\/www.ardmediathek.de\/video\/wer-ohne-schuld-ist\/wer-ohne-schuld-ist\/swr\/Y3JpZDovL3N3ci5kZS9hZXgvbzIxMjk3NzE\"><strong>ARD Mediathek<\/strong>!<\/a><\/p>\n\n\n\n<p>Ein Dorffest, Alkohol flie\u00dft in Str\u00f6men, ein heftiger Streit: Als am n\u00e4chsten Morgen ein Toter gefunden wird, bef\u00fcrchtet der 25-j\u00e4hrige Paul <strong>(Aaron Hilmer)<\/strong> das Schlimmste. Hat er im Alkoholrausch den Ex-Freund seiner Freundin Isabella get\u00f6tet? Die Bruchst\u00fccke, an die er sich aus der Mordnacht erinnert, zeigen Flammen, Gewalt und Blut. Er beginnt an seinen Erinnerungen zu zweifeln. Eher widerwillig kehrt die Kriminalkommissarin Anita <strong>(Lou Strenger)<\/strong> mit ihrem Kollegen Mike f\u00fcr die Mordermittlungen in ihr Heimatdorf zur\u00fcck. Sie kennt Cliquen wie die von Paul, seinem Freund Heiliger und dessen Schwester Pia nur zu gut. Hat sie doch aus ihrer Jugendzeit im Dorf selbst schmerzvolle Wunden davongetragen, die jetzt wieder aufbrechen. Doch um Licht ins Dunkel zu bringen, muss sie sich damit auseinandersetzen.<\/p>\n\n\n\n<figure class=\"wp-block-gallery has-nested-images columns-default is-cropped wp-block-gallery-1 is-layout-flex wp-block-gallery-is-layout-flex\">\n<figure class=\"wp-block-image size-large\"><img loading=\"lazy\" decoding=\"async\" width=\"1024\" height=\"683\" data-id=\"3440\" src=\"https:\/\/relevantfilm.de\/wp-content\/uploads\/2024\/10\/DSC09956-1024x683.jpg\" alt=\"\" class=\"wp-image-3440\" srcset=\"https:\/\/relevantfilm.de\/wp-content\/uploads\/2024\/10\/DSC09956-1024x683.jpg 1024w, https:\/\/relevantfilm.de\/wp-content\/uploads\/2024\/10\/DSC09956-300x200.jpg 300w, https:\/\/relevantfilm.de\/wp-content\/uploads\/2024\/10\/DSC09956-768x512.jpg 768w, https:\/\/relevantfilm.de\/wp-content\/uploads\/2024\/10\/DSC09956-1536x1025.jpg 1536w, https:\/\/relevantfilm.de\/wp-content\/uploads\/2024\/10\/DSC09956-2048x1366.jpg 2048w\" sizes=\"(max-width: 1024px) 100vw, 1024px\" \/><\/figure>\n\n\n\n<figure class=\"wp-block-image size-large\"><img loading=\"lazy\" decoding=\"async\" width=\"1024\" height=\"683\" data-id=\"3227\" src=\"https:\/\/relevantfilm.de\/wp-content\/uploads\/2024\/04\/DSC00015-1024x683.jpg\" alt=\"\" class=\"wp-image-3227\" srcset=\"https:\/\/relevantfilm.de\/wp-content\/uploads\/2024\/04\/DSC00015-1024x683.jpg 1024w, https:\/\/relevantfilm.de\/wp-content\/uploads\/2024\/04\/DSC00015-300x200.jpg 300w, https:\/\/relevantfilm.de\/wp-content\/uploads\/2024\/04\/DSC00015-768x512.jpg 768w, https:\/\/relevantfilm.de\/wp-content\/uploads\/2024\/04\/DSC00015-1536x1025.jpg 1536w, https:\/\/relevantfilm.de\/wp-content\/uploads\/2024\/04\/DSC00015-2048x1366.jpg 2048w\" sizes=\"(max-width: 1024px) 100vw, 1024px\" \/><\/figure>\n\n\n\n<figure class=\"wp-block-image size-large\"><img loading=\"lazy\" decoding=\"async\" width=\"1024\" height=\"683\" data-id=\"3442\" src=\"https:\/\/relevantfilm.de\/wp-content\/uploads\/2024\/10\/DSC01357-1024x683.jpg\" alt=\"\" class=\"wp-image-3442\" srcset=\"https:\/\/relevantfilm.de\/wp-content\/uploads\/2024\/10\/DSC01357-1024x683.jpg 1024w, https:\/\/relevantfilm.de\/wp-content\/uploads\/2024\/10\/DSC01357-300x200.jpg 300w, https:\/\/relevantfilm.de\/wp-content\/uploads\/2024\/10\/DSC01357-768x512.jpg 768w, https:\/\/relevantfilm.de\/wp-content\/uploads\/2024\/10\/DSC01357-1536x1025.jpg 1536w, https:\/\/relevantfilm.de\/wp-content\/uploads\/2024\/10\/DSC01357-2048x1366.jpg 2048w\" sizes=\"(max-width: 1024px) 100vw, 1024px\" \/><\/figure>\n<\/figure>\n\n\n\n<figure class=\"wp-block-gallery has-nested-images columns-default is-cropped wp-block-gallery-2 is-layout-flex wp-block-gallery-is-layout-flex\">\n<figure class=\"wp-block-image size-large\"><img loading=\"lazy\" decoding=\"async\" width=\"1024\" height=\"683\" data-id=\"3237\" src=\"https:\/\/relevantfilm.de\/wp-content\/uploads\/2024\/04\/DSC01278-1024x683.jpg\" alt=\"\" class=\"wp-image-3237\" srcset=\"https:\/\/relevantfilm.de\/wp-content\/uploads\/2024\/04\/DSC01278-1024x683.jpg 1024w, https:\/\/relevantfilm.de\/wp-content\/uploads\/2024\/04\/DSC01278-300x200.jpg 300w, https:\/\/relevantfilm.de\/wp-content\/uploads\/2024\/04\/DSC01278-768x512.jpg 768w, https:\/\/relevantfilm.de\/wp-content\/uploads\/2024\/04\/DSC01278-1536x1025.jpg 1536w, https:\/\/relevantfilm.de\/wp-content\/uploads\/2024\/04\/DSC01278-2048x1366.jpg 2048w\" sizes=\"(max-width: 1024px) 100vw, 1024px\" \/><\/figure>\n\n\n\n<figure class=\"wp-block-image size-large\"><img decoding=\"async\" data-id=\"3233\" src=\"https:\/\/relevantfilm.de\/wp-content\/uploads\/2024\/04\/DSC08762-1024x683.jpg\" alt=\"\" class=\"wp-image-3233\"\/><\/figure>\n<\/figure>\n\n\n\n<p>Neben <strong>Aaron Hilmer<\/strong> und <strong>Lou Strenger<\/strong> sind in weiteren Rollen <strong>Max Wolter, Johanna G\u00f6tting, Sohel Altan Gol, \u00d6zg\u00fcr Karadeniz, Maximilian Klas, Georg Paluza, Bineta Hansen, Roberto Martinez, Christina Gei\u00dfe, Ralph H\u00f6nicke, Barbara Bernt, Andreas Warmbrunn, Constanze Weinig, Saskia Rosendahl, Leonie Jacos, Jakob Spiegler<\/strong> u.v.a. zu sehen.<\/p>\n\n\n\n<p>\u00bb<em>Die SWR-Produktion &#8211; beeindruckend von Sabrina Sarabi inszeniert &#8211; ist kein klassischer Themenfilm. Von Beginn an erzu\u00e4hlen die Bilder mit, weitgehend aus der subjektiven Perspektive der beiden Hauptfiguren (&#8230;) Lou Strenger spielt diesen tiefen Schmerz beil\u00e4ufig: Ihre Anita versucht, tough zu sein (&#8230;) udn doch sp\u00fcrt man dieses latente Beklemmungsgef\u00fchl. Und Aaron Hilmer und seine schuldhafte Identifikationsfigur nemen einen mit in diesen Alptraum, bei dem der Angst- und Katerschwei\u00df aus jeder Pore flie\u00dft.\u00ab Tittelbacht.tv<\/em><\/p>\n\n\n\n<p>Hier geht es zur ausf\u00fchrlichen Kritik von<a href=\"https:\/\/www.tittelbach.tv\/programm\/fernsehfilm\/artikel-6676.html\"> Rainer Tittelbach<\/a><\/p>\n\n\n\n<p>Den Link zum Trailer finden Sie <a href=\"https:\/\/www.ardmediathek.de\/video\/wer-ohne-schuld-ist\/trailer-wer-ohne-schuld-ist\/swr\/Y3JpZDovL3N3ci5kZS9hZXgvbzIxMjY0MTk\">hier!<\/a><\/p>\n\n\n\n<p><br><em>\u00bbEmotional, intim und besonders spannend&nbsp;erz\u00e4hlt (&#8230;) So versteht sich der Film als Mixtur aus Drama und Krimi, entscheidet sich aber nie ganz, was er genau sein m\u00f6chte. Das ist gut, weil es mal eine neue Perspektive in den klassischen TV-Abendfilm bringt. \u00dcberzeugen kann vor allem Hauptdarsteller Aaron Hilmer, an dem man als Zuschauer in seinen Szenen klebt.\u00ab TV Spielfilm<\/em><\/p>\n\n\n\n<p><strong>Regie<\/strong> f\u00fchrt <strong>Sabrina Sarabi<\/strong> nach dem <strong>Drehbuch<\/strong> von <strong>Lilly Bogenberger<\/strong> und <strong>David Weichelt<\/strong>. Verantwortliche <strong>Redakteurin<\/strong> beim <strong>SWR <\/strong>ist<strong> Katharina Dufner.<\/strong><\/p>\n\n\n\n<p>Casting <strong>Marion Haack<\/strong> | Bildgestaltung <strong>Micha\u0142 Grabowski <\/strong>|<strong> <\/strong>Szenenbild <strong>Tanja Arlt<\/strong> | Kost\u00fcm<strong> Elisabeth Kesten<\/strong>| Maske <strong>Lydia Gei\u00dfler<\/strong>, <strong>Tanja Lipka<\/strong> | Schnitt <strong>Anna Nekarda<\/strong> | Komponist <strong>Andreas Pfeiffer<\/strong> | Originalton <strong>Torsten Lenk, Guido Oberkirch <\/strong>| Mischung <strong>Arne Dammann <\/strong>| Produktionsleitung <strong>Peter Nawrotzki <\/strong>| Junior Producerin <strong>Rieke Bubert<\/strong> | Redaktion <strong>Katharina Dufner<\/strong> | Produzentin <strong>Heike Wiehle-Timm<\/strong><\/p>\n\n\n\n<p><strong>Die Weltpremiere feierte unser Film im Juli 2024 auf dem Filmfest M\u00fcnchen in M\u00fcnchen!<\/strong><\/p>\n\n\n\n<figure class=\"wp-block-image size-large\"><img loading=\"lazy\" decoding=\"async\" width=\"726\" height=\"1024\" src=\"https:\/\/relevantfilm.de\/wp-content\/uploads\/2024\/05\/WOSI_Plakat_170423-726x1024.jpg\" alt=\"\" class=\"wp-image-3303\" srcset=\"https:\/\/relevantfilm.de\/wp-content\/uploads\/2024\/05\/WOSI_Plakat_170423-726x1024.jpg 726w, https:\/\/relevantfilm.de\/wp-content\/uploads\/2024\/05\/WOSI_Plakat_170423-213x300.jpg 213w, https:\/\/relevantfilm.de\/wp-content\/uploads\/2024\/05\/WOSI_Plakat_170423-768x1083.jpg 768w, https:\/\/relevantfilm.de\/wp-content\/uploads\/2024\/05\/WOSI_Plakat_170423-1090x1536.jpg 1090w, https:\/\/relevantfilm.de\/wp-content\/uploads\/2024\/05\/WOSI_Plakat_170423-1453x2048.jpg 1453w, https:\/\/relevantfilm.de\/wp-content\/uploads\/2024\/05\/WOSI_Plakat_170423.jpg 1772w\" sizes=\"(max-width: 726px) 100vw, 726px\" \/><\/figure>\n\n\n\n<p><\/p>\n\n\n\n<p class=\"has-small-font-size\">Bildnachweis | \u201aWer ohne Schuld ist\u2018 \u00a9 SWR | Anita Kr\u00e4mer<\/p>\n\n\n\n<p><\/p>\n","protected":false},"excerpt":{"rendered":"<p>&#8230;und bis zum 23.10.2025 weiterhin in der ARD Mediathek! Ein Dorffest, Alkohol flie\u00dft in Str\u00f6men, ein heftiger Streit: Als am n\u00e4chsten Morgen ein Toter gefunden wird, bef\u00fcrchtet der 25-j\u00e4hrige Paul (Aaron Hilmer) das Schlimmste. Hat er im Alkoholrausch den Ex-Freund seiner Freundin Isabella get\u00f6tet? Die Bruchst\u00fccke, an die er sich aus der Mordnacht erinnert, zeigen [&hellip;]<\/p>\n","protected":false},"author":3,"featured_media":3429,"comment_status":"closed","ping_status":"closed","sticky":false,"template":"","format":"standard","meta":{"_acf_changed":false,"footnotes":""},"categories":[21],"tags":[24,55],"post_flags":[],"class_list":["post-3430","post","type-post","status-publish","format-standard","has-post-thumbnail","hentry","category-in-mediatheken","tag-mediathek","tag-aaron-hilmer"],"acf":[],"yoast_head":"<!-- This site is optimized with the Yoast SEO plugin v27.5 - https:\/\/yoast.com\/product\/yoast-seo-wordpress\/ -->\n<title>&#039;Wer ohne Schuld ist&#039; - Erstausstrahlung am Mittwoch, 23.10.2024 im Ersten - Relevant Film<\/title>\n<meta name=\"robots\" content=\"index, follow, max-snippet:-1, max-image-preview:large, max-video-preview:-1\" \/>\n<link rel=\"canonical\" href=\"https:\/\/relevantfilm.de\/?p=3430\" \/>\n<meta property=\"og:locale\" content=\"de_DE\" \/>\n<meta property=\"og:type\" content=\"article\" \/>\n<meta property=\"og:title\" content=\"&#039;Wer ohne Schuld ist&#039; - Erstausstrahlung am Mittwoch, 23.10.2024 im Ersten - Relevant Film\" \/>\n<meta property=\"og:description\" content=\"&#8230;und bis zum 23.10.2025 weiterhin in der ARD Mediathek! Ein Dorffest, Alkohol flie\u00dft in Str\u00f6men, ein heftiger Streit: Als am n\u00e4chsten Morgen ein Toter gefunden wird, bef\u00fcrchtet der 25-j\u00e4hrige Paul (Aaron Hilmer) das Schlimmste. Hat er im Alkoholrausch den Ex-Freund seiner Freundin Isabella get\u00f6tet? Die Bruchst\u00fccke, an die er sich aus der Mordnacht erinnert, zeigen [&hellip;]\" \/>\n<meta property=\"og:url\" content=\"https:\/\/relevantfilm.de\/?p=3430\" \/>\n<meta property=\"og:site_name\" content=\"Relevant Film\" \/>\n<meta property=\"article:published_time\" content=\"2024-11-04T11:29:43+00:00\" \/>\n<meta property=\"article:modified_time\" content=\"2026-04-21T18:31:53+00:00\" \/>\n<meta property=\"og:image\" content=\"https:\/\/relevantfilm.de\/wp-content\/uploads\/2024\/10\/backdrop-premium-16-7-scaled.jpg\" \/>\n\t<meta property=\"og:image:width\" content=\"2560\" \/>\n\t<meta property=\"og:image:height\" content=\"1120\" \/>\n\t<meta property=\"og:image:type\" content=\"image\/jpeg\" \/>\n<meta name=\"author\" content=\"Judica Schrammeck\" \/>\n<meta name=\"twitter:card\" content=\"summary_large_image\" \/>\n<meta name=\"twitter:label1\" content=\"Verfasst von\" \/>\n\t<meta name=\"twitter:data1\" content=\"Judica Schrammeck\" \/>\n\t<meta name=\"twitter:label2\" content=\"Gesch\u00e4tzte Lesezeit\" \/>\n\t<meta name=\"twitter:data2\" content=\"4\u00a0Minuten\" \/>\n<script type=\"application\/ld+json\" class=\"yoast-schema-graph\">{\"@context\":\"https:\\\/\\\/schema.org\",\"@graph\":[{\"@type\":\"Article\",\"@id\":\"https:\\\/\\\/relevantfilm.de\\\/?p=3430#article\",\"isPartOf\":{\"@id\":\"https:\\\/\\\/relevantfilm.de\\\/?p=3430\"},\"author\":{\"name\":\"Judica Schrammeck\",\"@id\":\"https:\\\/\\\/relevantfilm.de\\\/#\\\/schema\\\/person\\\/e958a283c85c399b0c52c732f5c60228\"},\"headline\":\"&#8218;Wer ohne Schuld ist&#8216; &#8211; Erstausstrahlung am Mittwoch, 23.10.2024 im Ersten\",\"datePublished\":\"2024-11-04T11:29:43+00:00\",\"dateModified\":\"2026-04-21T18:31:53+00:00\",\"mainEntityOfPage\":{\"@id\":\"https:\\\/\\\/relevantfilm.de\\\/?p=3430\"},\"wordCount\":448,\"image\":{\"@id\":\"https:\\\/\\\/relevantfilm.de\\\/?p=3430#primaryimage\"},\"thumbnailUrl\":\"https:\\\/\\\/relevantfilm.de\\\/wp-content\\\/uploads\\\/2024\\\/10\\\/backdrop-premium-16-7-scaled.jpg\",\"keywords\":[\"Mediathek\",\"Aaron Hilmer\"],\"articleSection\":[\"In Mediatheken\"],\"inLanguage\":\"de\"},{\"@type\":\"WebPage\",\"@id\":\"https:\\\/\\\/relevantfilm.de\\\/?p=3430\",\"url\":\"https:\\\/\\\/relevantfilm.de\\\/?p=3430\",\"name\":\"'Wer ohne Schuld ist' - Erstausstrahlung am Mittwoch, 23.10.2024 im Ersten - Relevant Film\",\"isPartOf\":{\"@id\":\"https:\\\/\\\/relevantfilm.de\\\/#website\"},\"primaryImageOfPage\":{\"@id\":\"https:\\\/\\\/relevantfilm.de\\\/?p=3430#primaryimage\"},\"image\":{\"@id\":\"https:\\\/\\\/relevantfilm.de\\\/?p=3430#primaryimage\"},\"thumbnailUrl\":\"https:\\\/\\\/relevantfilm.de\\\/wp-content\\\/uploads\\\/2024\\\/10\\\/backdrop-premium-16-7-scaled.jpg\",\"datePublished\":\"2024-11-04T11:29:43+00:00\",\"dateModified\":\"2026-04-21T18:31:53+00:00\",\"author\":{\"@id\":\"https:\\\/\\\/relevantfilm.de\\\/#\\\/schema\\\/person\\\/e958a283c85c399b0c52c732f5c60228\"},\"breadcrumb\":{\"@id\":\"https:\\\/\\\/relevantfilm.de\\\/?p=3430#breadcrumb\"},\"inLanguage\":\"de\",\"potentialAction\":[{\"@type\":\"ReadAction\",\"target\":[\"https:\\\/\\\/relevantfilm.de\\\/?p=3430\"]}]},{\"@type\":\"ImageObject\",\"inLanguage\":\"de\",\"@id\":\"https:\\\/\\\/relevantfilm.de\\\/?p=3430#primaryimage\",\"url\":\"https:\\\/\\\/relevantfilm.de\\\/wp-content\\\/uploads\\\/2024\\\/10\\\/backdrop-premium-16-7-scaled.jpg\",\"contentUrl\":\"https:\\\/\\\/relevantfilm.de\\\/wp-content\\\/uploads\\\/2024\\\/10\\\/backdrop-premium-16-7-scaled.jpg\",\"width\":2560,\"height\":1120},{\"@type\":\"BreadcrumbList\",\"@id\":\"https:\\\/\\\/relevantfilm.de\\\/?p=3430#breadcrumb\",\"itemListElement\":[{\"@type\":\"ListItem\",\"position\":1,\"name\":\"Startseite\",\"item\":\"https:\\\/\\\/relevantfilm.de\\\/\"},{\"@type\":\"ListItem\",\"position\":2,\"name\":\"&#8218;Wer ohne Schuld ist&#8216; &#8211; Erstausstrahlung am Mittwoch, 23.10.2024 im Ersten\"}]},{\"@type\":\"WebSite\",\"@id\":\"https:\\\/\\\/relevantfilm.de\\\/#website\",\"url\":\"https:\\\/\\\/relevantfilm.de\\\/\",\"name\":\"Relevant Film\",\"description\":\"Filmproduktion Hamburg\",\"potentialAction\":[{\"@type\":\"SearchAction\",\"target\":{\"@type\":\"EntryPoint\",\"urlTemplate\":\"https:\\\/\\\/relevantfilm.de\\\/?s={search_term_string}\"},\"query-input\":{\"@type\":\"PropertyValueSpecification\",\"valueRequired\":true,\"valueName\":\"search_term_string\"}}],\"inLanguage\":\"de\"},{\"@type\":\"Person\",\"@id\":\"https:\\\/\\\/relevantfilm.de\\\/#\\\/schema\\\/person\\\/e958a283c85c399b0c52c732f5c60228\",\"name\":\"Judica Schrammeck\",\"image\":{\"@type\":\"ImageObject\",\"inLanguage\":\"de\",\"@id\":\"https:\\\/\\\/secure.gravatar.com\\\/avatar\\\/b19e9ce218a797f1052c4030b2e615bf8ee2784409b0cedc8c6e44506f5df67d?s=96&d=mm&r=g\",\"url\":\"https:\\\/\\\/secure.gravatar.com\\\/avatar\\\/b19e9ce218a797f1052c4030b2e615bf8ee2784409b0cedc8c6e44506f5df67d?s=96&d=mm&r=g\",\"contentUrl\":\"https:\\\/\\\/secure.gravatar.com\\\/avatar\\\/b19e9ce218a797f1052c4030b2e615bf8ee2784409b0cedc8c6e44506f5df67d?s=96&d=mm&r=g\",\"caption\":\"Judica Schrammeck\"},\"sameAs\":[\"https:\\\/\\\/relevantfilm.de\\\/\"],\"url\":\"https:\\\/\\\/relevantfilm.de\\\/?author=3\"}]}<\/script>\n<!-- \/ Yoast SEO plugin. -->","yoast_head_json":{"title":"'Wer ohne Schuld ist' - Erstausstrahlung am Mittwoch, 23.10.2024 im Ersten - Relevant Film","robots":{"index":"index","follow":"follow","max-snippet":"max-snippet:-1","max-image-preview":"max-image-preview:large","max-video-preview":"max-video-preview:-1"},"canonical":"https:\/\/relevantfilm.de\/?p=3430","og_locale":"de_DE","og_type":"article","og_title":"'Wer ohne Schuld ist' - Erstausstrahlung am Mittwoch, 23.10.2024 im Ersten - Relevant Film","og_description":"&#8230;und bis zum 23.10.2025 weiterhin in der ARD Mediathek! Ein Dorffest, Alkohol flie\u00dft in Str\u00f6men, ein heftiger Streit: Als am n\u00e4chsten Morgen ein Toter gefunden wird, bef\u00fcrchtet der 25-j\u00e4hrige Paul (Aaron Hilmer) das Schlimmste. Hat er im Alkoholrausch den Ex-Freund seiner Freundin Isabella get\u00f6tet? Die Bruchst\u00fccke, an die er sich aus der Mordnacht erinnert, zeigen [&hellip;]","og_url":"https:\/\/relevantfilm.de\/?p=3430","og_site_name":"Relevant Film","article_published_time":"2024-11-04T11:29:43+00:00","article_modified_time":"2026-04-21T18:31:53+00:00","og_image":[{"width":2560,"height":1120,"url":"https:\/\/relevantfilm.de\/wp-content\/uploads\/2024\/10\/backdrop-premium-16-7-scaled.jpg","type":"image\/jpeg"}],"author":"Judica Schrammeck","twitter_card":"summary_large_image","twitter_misc":{"Verfasst von":"Judica Schrammeck","Gesch\u00e4tzte Lesezeit":"4\u00a0Minuten"},"schema":{"@context":"https:\/\/schema.org","@graph":[{"@type":"Article","@id":"https:\/\/relevantfilm.de\/?p=3430#article","isPartOf":{"@id":"https:\/\/relevantfilm.de\/?p=3430"},"author":{"name":"Judica Schrammeck","@id":"https:\/\/relevantfilm.de\/#\/schema\/person\/e958a283c85c399b0c52c732f5c60228"},"headline":"&#8218;Wer ohne Schuld ist&#8216; &#8211; Erstausstrahlung am Mittwoch, 23.10.2024 im Ersten","datePublished":"2024-11-04T11:29:43+00:00","dateModified":"2026-04-21T18:31:53+00:00","mainEntityOfPage":{"@id":"https:\/\/relevantfilm.de\/?p=3430"},"wordCount":448,"image":{"@id":"https:\/\/relevantfilm.de\/?p=3430#primaryimage"},"thumbnailUrl":"https:\/\/relevantfilm.de\/wp-content\/uploads\/2024\/10\/backdrop-premium-16-7-scaled.jpg","keywords":["Mediathek","Aaron Hilmer"],"articleSection":["In Mediatheken"],"inLanguage":"de"},{"@type":"WebPage","@id":"https:\/\/relevantfilm.de\/?p=3430","url":"https:\/\/relevantfilm.de\/?p=3430","name":"'Wer ohne Schuld ist' - Erstausstrahlung am Mittwoch, 23.10.2024 im Ersten - Relevant Film","isPartOf":{"@id":"https:\/\/relevantfilm.de\/#website"},"primaryImageOfPage":{"@id":"https:\/\/relevantfilm.de\/?p=3430#primaryimage"},"image":{"@id":"https:\/\/relevantfilm.de\/?p=3430#primaryimage"},"thumbnailUrl":"https:\/\/relevantfilm.de\/wp-content\/uploads\/2024\/10\/backdrop-premium-16-7-scaled.jpg","datePublished":"2024-11-04T11:29:43+00:00","dateModified":"2026-04-21T18:31:53+00:00","author":{"@id":"https:\/\/relevantfilm.de\/#\/schema\/person\/e958a283c85c399b0c52c732f5c60228"},"breadcrumb":{"@id":"https:\/\/relevantfilm.de\/?p=3430#breadcrumb"},"inLanguage":"de","potentialAction":[{"@type":"ReadAction","target":["https:\/\/relevantfilm.de\/?p=3430"]}]},{"@type":"ImageObject","inLanguage":"de","@id":"https:\/\/relevantfilm.de\/?p=3430#primaryimage","url":"https:\/\/relevantfilm.de\/wp-content\/uploads\/2024\/10\/backdrop-premium-16-7-scaled.jpg","contentUrl":"https:\/\/relevantfilm.de\/wp-content\/uploads\/2024\/10\/backdrop-premium-16-7-scaled.jpg","width":2560,"height":1120},{"@type":"BreadcrumbList","@id":"https:\/\/relevantfilm.de\/?p=3430#breadcrumb","itemListElement":[{"@type":"ListItem","position":1,"name":"Startseite","item":"https:\/\/relevantfilm.de\/"},{"@type":"ListItem","position":2,"name":"&#8218;Wer ohne Schuld ist&#8216; &#8211; Erstausstrahlung am Mittwoch, 23.10.2024 im Ersten"}]},{"@type":"WebSite","@id":"https:\/\/relevantfilm.de\/#website","url":"https:\/\/relevantfilm.de\/","name":"Relevant Film","description":"Filmproduktion Hamburg","potentialAction":[{"@type":"SearchAction","target":{"@type":"EntryPoint","urlTemplate":"https:\/\/relevantfilm.de\/?s={search_term_string}"},"query-input":{"@type":"PropertyValueSpecification","valueRequired":true,"valueName":"search_term_string"}}],"inLanguage":"de"},{"@type":"Person","@id":"https:\/\/relevantfilm.de\/#\/schema\/person\/e958a283c85c399b0c52c732f5c60228","name":"Judica Schrammeck","image":{"@type":"ImageObject","inLanguage":"de","@id":"https:\/\/secure.gravatar.com\/avatar\/b19e9ce218a797f1052c4030b2e615bf8ee2784409b0cedc8c6e44506f5df67d?s=96&d=mm&r=g","url":"https:\/\/secure.gravatar.com\/avatar\/b19e9ce218a797f1052c4030b2e615bf8ee2784409b0cedc8c6e44506f5df67d?s=96&d=mm&r=g","contentUrl":"https:\/\/secure.gravatar.com\/avatar\/b19e9ce218a797f1052c4030b2e615bf8ee2784409b0cedc8c6e44506f5df67d?s=96&d=mm&r=g","caption":"Judica Schrammeck"},"sameAs":["https:\/\/relevantfilm.de\/"],"url":"https:\/\/relevantfilm.de\/?author=3"}]}},"_links":{"self":[{"href":"https:\/\/relevantfilm.de\/index.php?rest_route=\/wp\/v2\/posts\/3430","targetHints":{"allow":["GET"]}}],"collection":[{"href":"https:\/\/relevantfilm.de\/index.php?rest_route=\/wp\/v2\/posts"}],"about":[{"href":"https:\/\/relevantfilm.de\/index.php?rest_route=\/wp\/v2\/types\/post"}],"author":[{"embeddable":true,"href":"https:\/\/relevantfilm.de\/index.php?rest_route=\/wp\/v2\/users\/3"}],"replies":[{"embeddable":true,"href":"https:\/\/relevantfilm.de\/index.php?rest_route=%2Fwp%2Fv2%2Fcomments&post=3430"}],"version-history":[{"count":11,"href":"https:\/\/relevantfilm.de\/index.php?rest_route=\/wp\/v2\/posts\/3430\/revisions"}],"predecessor-version":[{"id":3718,"href":"https:\/\/relevantfilm.de\/index.php?rest_route=\/wp\/v2\/posts\/3430\/revisions\/3718"}],"wp:featuredmedia":[{"embeddable":true,"href":"https:\/\/relevantfilm.de\/index.php?rest_route=\/wp\/v2\/media\/3429"}],"wp:attachment":[{"href":"https:\/\/relevantfilm.de\/index.php?rest_route=%2Fwp%2Fv2%2Fmedia&parent=3430"}],"wp:term":[{"taxonomy":"category","embeddable":true,"href":"https:\/\/relevantfilm.de\/index.php?rest_route=%2Fwp%2Fv2%2Fcategories&post=3430"},{"taxonomy":"post_tag","embeddable":true,"href":"https:\/\/relevantfilm.de\/index.php?rest_route=%2Fwp%2Fv2%2Ftags&post=3430"},{"taxonomy":"post_flag","embeddable":true,"href":"https:\/\/relevantfilm.de\/index.php?rest_route=%2Fwp%2Fv2%2Fpost_flags&post=3430"}],"curies":[{"name":"wp","href":"https:\/\/api.w.org\/{rel}","templated":true}]}}