{"id":3490,"date":"2024-10-23T14:42:38","date_gmt":"2024-10-23T12:42:38","guid":{"rendered":"https:\/\/relevantfilm.de\/?p=3490"},"modified":"2026-04-21T20:31:53","modified_gmt":"2026-04-21T18:31:53","slug":"stille-nacht-raue-nacht-erstausstrahlung-am-sonntag-den-1-dezember-2024-im-zdf","status":"publish","type":"post","link":"https:\/\/relevantfilm.de\/?p=3490","title":{"rendered":"&#8218;Stille Nacht, raue Nacht&#8216;: Erstausstrahlung So. 01.12. im ZDF"},"content":{"rendered":"\n<p class=\"has-medium-font-size\"><strong>und ab Sonntag, den 17. November in der ZDF Mediathek!<\/strong><\/p>\n\n\n\n<p>Haben sie schon einmal von den Rauhn\u00e4chten geh\u00f6rt&#8230;? Diesem seltsamen &#8222;Loch&#8220; in der Weihnachtszeit mit Reinigungsritualen, Traumtageb\u00fcchern und Wunschzetteln, die in eine Feuerschale geworfen werden? Dann geht es ihnen so, wie der Wissenschaftlerin Liane (<strong>Maria Ehrich<\/strong>) die auf einer Wintersonnenwende-Party am 21. Dezember in eine f\u00fcr sie fremde Welt eintritt.<\/p>\n\n\n\n<div class=\"wp-block-group\"><div class=\"wp-block-group__inner-container is-layout-constrained wp-block-group-is-layout-constrained\">\n<div class=\"wp-block-group is-vertical is-layout-flex wp-container-core-group-is-layout-8cf370e7 wp-block-group-is-layout-flex\">\n<figure class=\"wp-block-gallery has-nested-images columns-default is-cropped wp-block-gallery-1 is-layout-flex wp-block-gallery-is-layout-flex\">\n<figure class=\"wp-block-image size-large\"><img loading=\"lazy\" decoding=\"async\" width=\"1024\" height=\"683\" data-id=\"3471\" src=\"https:\/\/relevantfilm.de\/wp-content\/uploads\/2024\/10\/J0A1785StilleNacht-RaueNachtDT21-90-edited-1024x683.jpg\" alt=\"\" class=\"wp-image-3471\" srcset=\"https:\/\/relevantfilm.de\/wp-content\/uploads\/2024\/10\/J0A1785StilleNacht-RaueNachtDT21-90-edited-1024x683.jpg 1024w, https:\/\/relevantfilm.de\/wp-content\/uploads\/2024\/10\/J0A1785StilleNacht-RaueNachtDT21-90-edited-300x200.jpg 300w, https:\/\/relevantfilm.de\/wp-content\/uploads\/2024\/10\/J0A1785StilleNacht-RaueNachtDT21-90-edited-768x512.jpg 768w, https:\/\/relevantfilm.de\/wp-content\/uploads\/2024\/10\/J0A1785StilleNacht-RaueNachtDT21-90-edited-1536x1024.jpg 1536w, https:\/\/relevantfilm.de\/wp-content\/uploads\/2024\/10\/J0A1785StilleNacht-RaueNachtDT21-90-edited-2048x1365.jpg 2048w\" sizes=\"(max-width: 1024px) 100vw, 1024px\" \/><\/figure>\n\n\n\n<figure class=\"wp-block-image size-large\"><img loading=\"lazy\" decoding=\"async\" width=\"1024\" height=\"683\" data-id=\"3476\" src=\"https:\/\/relevantfilm.de\/wp-content\/uploads\/2024\/10\/J0A7840_StilleNacht-RaueNacht-1024x683.jpg\" alt=\"\" class=\"wp-image-3476\" srcset=\"https:\/\/relevantfilm.de\/wp-content\/uploads\/2024\/10\/J0A7840_StilleNacht-RaueNacht-1024x683.jpg 1024w, https:\/\/relevantfilm.de\/wp-content\/uploads\/2024\/10\/J0A7840_StilleNacht-RaueNacht-300x200.jpg 300w, https:\/\/relevantfilm.de\/wp-content\/uploads\/2024\/10\/J0A7840_StilleNacht-RaueNacht-768x512.jpg 768w, https:\/\/relevantfilm.de\/wp-content\/uploads\/2024\/10\/J0A7840_StilleNacht-RaueNacht-1536x1024.jpg 1536w, https:\/\/relevantfilm.de\/wp-content\/uploads\/2024\/10\/J0A7840_StilleNacht-RaueNacht-2048x1365.jpg 2048w\" sizes=\"(max-width: 1024px) 100vw, 1024px\" \/><\/figure>\n\n\n\n<figure class=\"wp-block-image size-large\"><img loading=\"lazy\" decoding=\"async\" width=\"1024\" height=\"719\" data-id=\"3494\" src=\"https:\/\/relevantfilm.de\/wp-content\/uploads\/2024\/10\/89163-3-12-1024x719.jpg\" alt=\"\" class=\"wp-image-3494\" srcset=\"https:\/\/relevantfilm.de\/wp-content\/uploads\/2024\/10\/89163-3-12-1024x719.jpg 1024w, https:\/\/relevantfilm.de\/wp-content\/uploads\/2024\/10\/89163-3-12-300x211.jpg 300w, https:\/\/relevantfilm.de\/wp-content\/uploads\/2024\/10\/89163-3-12-768x540.jpg 768w, https:\/\/relevantfilm.de\/wp-content\/uploads\/2024\/10\/89163-3-12-1536x1079.jpg 1536w, https:\/\/relevantfilm.de\/wp-content\/uploads\/2024\/10\/89163-3-12.jpg 1920w\" sizes=\"(max-width: 1024px) 100vw, 1024px\" \/><\/figure>\n\n\n\n<figure class=\"wp-block-image size-large\"><img loading=\"lazy\" decoding=\"async\" width=\"2492\" height=\"1661\" data-id=\"3537\" src=\"https:\/\/relevantfilm.de\/wp-content\/uploads\/2024\/10\/J0A5444StilleNacht-RauheNacht-DT01-42T2-edited-1.jpg\" alt=\"\" class=\"wp-image-3537\" srcset=\"https:\/\/relevantfilm.de\/wp-content\/uploads\/2024\/10\/J0A5444StilleNacht-RauheNacht-DT01-42T2-edited-1.jpg 2492w, https:\/\/relevantfilm.de\/wp-content\/uploads\/2024\/10\/J0A5444StilleNacht-RauheNacht-DT01-42T2-edited-1-300x200.jpg 300w, https:\/\/relevantfilm.de\/wp-content\/uploads\/2024\/10\/J0A5444StilleNacht-RauheNacht-DT01-42T2-edited-1-1024x683.jpg 1024w, https:\/\/relevantfilm.de\/wp-content\/uploads\/2024\/10\/J0A5444StilleNacht-RauheNacht-DT01-42T2-edited-1-768x512.jpg 768w, https:\/\/relevantfilm.de\/wp-content\/uploads\/2024\/10\/J0A5444StilleNacht-RauheNacht-DT01-42T2-edited-1-1536x1024.jpg 1536w, https:\/\/relevantfilm.de\/wp-content\/uploads\/2024\/10\/J0A5444StilleNacht-RauheNacht-DT01-42T2-edited-1-2048x1365.jpg 2048w\" sizes=\"(max-width: 2492px) 100vw, 2492px\" \/><\/figure>\n\n\n\n<figure class=\"wp-block-image size-large\"><img loading=\"lazy\" decoding=\"async\" width=\"1024\" height=\"683\" data-id=\"3473\" src=\"https:\/\/relevantfilm.de\/wp-content\/uploads\/2024\/10\/Liane-Hinnerk_J0A8570StilleNacht-RaueNacht-Keyvisual-edited-1-1024x683.jpg\" alt=\"\" class=\"wp-image-3473\" srcset=\"https:\/\/relevantfilm.de\/wp-content\/uploads\/2024\/10\/Liane-Hinnerk_J0A8570StilleNacht-RaueNacht-Keyvisual-edited-1-1024x683.jpg 1024w, https:\/\/relevantfilm.de\/wp-content\/uploads\/2024\/10\/Liane-Hinnerk_J0A8570StilleNacht-RaueNacht-Keyvisual-edited-1-300x200.jpg 300w, https:\/\/relevantfilm.de\/wp-content\/uploads\/2024\/10\/Liane-Hinnerk_J0A8570StilleNacht-RaueNacht-Keyvisual-edited-1-768x512.jpg 768w, https:\/\/relevantfilm.de\/wp-content\/uploads\/2024\/10\/Liane-Hinnerk_J0A8570StilleNacht-RaueNacht-Keyvisual-edited-1-1536x1024.jpg 1536w, https:\/\/relevantfilm.de\/wp-content\/uploads\/2024\/10\/Liane-Hinnerk_J0A8570StilleNacht-RaueNacht-Keyvisual-edited-1.jpg 1714w\" sizes=\"(max-width: 1024px) 100vw, 1024px\" \/><\/figure>\n<\/figure>\n<\/div>\n<\/div><\/div>\n\n\n\n<p>Die Beziehung von Liane (<strong>Maria Ehrich<\/strong>) und ihrem Lebensgef\u00e4hrten Philipp (<strong>Tim Oliver Schultz<\/strong>) ist in der Schwebe. Trennen wollen sie sich nicht. Aber so wie es ist, kann es nicht bleiben. Eine Auszeit \u00fcber Weihnachten soll helfen ihre Liebe neu zu kalibrieren. Wann, wenn nicht jetzt, w\u00e4re Einkehr m\u00f6glich und Besinnung, wann, wenn nicht in den zw\u00f6lf Rauhn\u00e4chten, dem \u00dcbergang vom Alten ins Neue, vom Dunkel ins Licht? Esoterischer Unfug, sagt Liane. Eine Zeit der Demut, sagen ihre Schwester Svea und ihre Frau (<strong>Victoria Fleer<\/strong>, <strong>Denise M&#8217;Baye<\/strong>). <br>Und tats\u00e4chlich: Kaum ist Philipp abgereist, um die Weihnachtstage allein an der Sonne zu verbringen, beginnt das Schicksal, die zur\u00fcckbleibende Liane kr\u00e4ftig durchzusch\u00fctteln. Gleich mehrere St\u00fcrme ziehen auf: Wind und Starkregen r\u00fctteln am Haus und am Weltbild seiner Bewohnerinnen (<strong>Antoine Monot<\/strong>, <strong>Angelika Richter<\/strong>), ungeliebter Besuch (<strong>April Hailer<\/strong>, <strong>Rainer Reiners<\/strong>) zerschl\u00e4gt nicht nur Lianes Feiertags-to-do-Liste, sondern auch ihre zementierten Glaubenss\u00e4tze, und ein ebenso seltsamer wie faszinierender Fremder (<strong>Benito Bause<\/strong>) ber\u00fchrt sie tief mit seiner Spiritualit\u00e4t.<\/p>\n\n\n\n<p>Anders als gedacht erf\u00fcllt sich das Versprechen einer Auszeit, denn ausgerechnet die zw\u00f6lf sturmzerzausten Rauhn\u00e4chte wehen Liane auf einen neuen Weg von Dankbarkeit und Liebe.<\/p>\n\n\n\n<p>In der Regie von <strong>Sophie Averkamp<\/strong> entstand in Hamburg und Umgebung der neue Herzkino-Film f\u00fcr das ZDF nach dem Drehbuch von <strong>Silke Zertz<\/strong>.<\/p>\n\n\n\n<p>Mit <strong>Maria Ehrich, Benito Bause, Tim Oliver Schultz, Denise M\u2019Baye, Victoria Fleer, Antoine Monot, Angelika Richter<\/strong>, <strong>April Hailer, Rainer Reiners<\/strong> in den Hauptrollen.<\/p>\n\n\n\n<p>Weitere Infos, Fotos und Interviews zum Film finden Sie hier:<\/p>\n\n\n\n<p><a href=\"https:\/\/www.zdf.de\/filme\/herzkino\/trailer-stille-nacht-raue-nacht-100.html\"><strong>Link zum Trailer<\/strong><\/a><\/p>\n\n\n\n<p><a href=\"https:\/\/presseportal.zdf.de\/pressemappe\/fictionhighlights-weihnachten2024\"><strong>Link zur Pressemappe<\/strong><\/a><\/p>\n\n\n\n<p>Casting <strong>Anne H\u00fcnseler<\/strong> | Kamera <strong>Theresa Mau\u00e9<\/strong> | Ausstattung <strong>Pouya Mirzaei <\/strong>I Kost\u00fcm <strong>Katrin Ostermann<\/strong> | Maske<strong> Doreen Kindler, Tanja Adams<\/strong> | Ton <strong>Dominique Rueff, Moritz Fischer<\/strong> | Licht <strong>Daniel Kuhn<\/strong> | B\u00fchne<strong> Lukasz Wyszkowski<\/strong> | Komponist <strong>Giovanni Berg <\/strong>| Editorin <strong>Melanie Landa<\/strong> | Produktionsleitung <strong>Peter Nawrotzki<\/strong> | Producerin <strong>Rieke Bubert <\/strong>I Produzentin <strong>Heike Wiehle-Timm <\/strong>I Redaktion ZDF <strong>Berit Teschner<\/strong><\/p>\n\n\n\n<figure class=\"wp-block-gallery has-nested-images columns-default is-cropped wp-block-gallery-2 is-layout-flex wp-block-gallery-is-layout-flex\">\n<figure class=\"wp-block-image size-large\"><img loading=\"lazy\" decoding=\"async\" width=\"1024\" height=\"576\" data-id=\"3496\" src=\"https:\/\/relevantfilm.de\/wp-content\/uploads\/2024\/10\/89163-3-31-1024x576.jpg\" alt=\"\" class=\"wp-image-3496\" srcset=\"https:\/\/relevantfilm.de\/wp-content\/uploads\/2024\/10\/89163-3-31-1024x576.jpg 1024w, https:\/\/relevantfilm.de\/wp-content\/uploads\/2024\/10\/89163-3-31-300x169.jpg 300w, https:\/\/relevantfilm.de\/wp-content\/uploads\/2024\/10\/89163-3-31-768x432.jpg 768w, https:\/\/relevantfilm.de\/wp-content\/uploads\/2024\/10\/89163-3-31-1536x864.jpg 1536w, https:\/\/relevantfilm.de\/wp-content\/uploads\/2024\/10\/89163-3-31.jpg 1920w\" sizes=\"(max-width: 1024px) 100vw, 1024px\" \/><\/figure>\n\n\n\n<figure class=\"wp-block-image size-large\"><img loading=\"lazy\" decoding=\"async\" width=\"1708\" height=\"1280\" data-id=\"3530\" src=\"https:\/\/relevantfilm.de\/wp-content\/uploads\/2024\/10\/89163-3-18-edited.jpg\" alt=\"\" class=\"wp-image-3530\" srcset=\"https:\/\/relevantfilm.de\/wp-content\/uploads\/2024\/10\/89163-3-18-edited.jpg 1708w, https:\/\/relevantfilm.de\/wp-content\/uploads\/2024\/10\/89163-3-18-edited-300x225.jpg 300w, https:\/\/relevantfilm.de\/wp-content\/uploads\/2024\/10\/89163-3-18-edited-1024x767.jpg 1024w, https:\/\/relevantfilm.de\/wp-content\/uploads\/2024\/10\/89163-3-18-edited-768x576.jpg 768w, https:\/\/relevantfilm.de\/wp-content\/uploads\/2024\/10\/89163-3-18-edited-1536x1151.jpg 1536w\" sizes=\"(max-width: 1708px) 100vw, 1708px\" \/><\/figure>\n<\/figure>\n\n\n\n<p><\/p>\n\n\n\n<p class=\"has-small-font-size\">Bildnachweis I \u201aStille Nacht, raue Nacht\u2018 \u00a9 Relevant Film, ZDF I Andrea K\u00fcppers<\/p>\n\n\n\n<p><\/p>\n","protected":false},"excerpt":{"rendered":"<p>und ab Sonntag, den 17. November in der ZDF Mediathek! Haben sie schon einmal von den Rauhn\u00e4chten geh\u00f6rt&#8230;? Diesem seltsamen &#8222;Loch&#8220; in der Weihnachtszeit mit Reinigungsritualen, Traumtageb\u00fcchern und Wunschzetteln, die in eine Feuerschale geworfen werden? Dann geht es ihnen so, wie der Wissenschaftlerin Liane (Maria Ehrich) die auf einer Wintersonnenwende-Party am 21. Dezember in eine [&hellip;]<\/p>\n","protected":false},"author":3,"featured_media":3581,"comment_status":"closed","ping_status":"closed","sticky":false,"template":"","format":"standard","meta":{"_acf_changed":false,"footnotes":""},"categories":[23],"tags":[],"post_flags":[],"class_list":["post-3490","post","type-post","status-publish","format-standard","has-post-thumbnail","hentry","category-aktueller-film"],"acf":[],"yoast_head":"<!-- This site is optimized with the Yoast SEO plugin v27.5 - https:\/\/yoast.com\/product\/yoast-seo-wordpress\/ -->\n<title>&#039;Stille Nacht, raue Nacht&#039;: Erstausstrahlung So. 01.12. im ZDF - Relevant Film<\/title>\n<meta name=\"robots\" content=\"index, follow, max-snippet:-1, max-image-preview:large, max-video-preview:-1\" \/>\n<link rel=\"canonical\" href=\"https:\/\/relevantfilm.de\/?p=3490\" \/>\n<meta property=\"og:locale\" content=\"de_DE\" \/>\n<meta property=\"og:type\" content=\"article\" \/>\n<meta property=\"og:title\" content=\"&#039;Stille Nacht, raue Nacht&#039;: Erstausstrahlung So. 01.12. im ZDF - Relevant Film\" \/>\n<meta property=\"og:description\" content=\"und ab Sonntag, den 17. November in der ZDF Mediathek! Haben sie schon einmal von den Rauhn\u00e4chten geh\u00f6rt&#8230;? Diesem seltsamen &#8222;Loch&#8220; in der Weihnachtszeit mit Reinigungsritualen, Traumtageb\u00fcchern und Wunschzetteln, die in eine Feuerschale geworfen werden? Dann geht es ihnen so, wie der Wissenschaftlerin Liane (Maria Ehrich) die auf einer Wintersonnenwende-Party am 21. Dezember in eine [&hellip;]\" \/>\n<meta property=\"og:url\" content=\"https:\/\/relevantfilm.de\/?p=3490\" \/>\n<meta property=\"og:site_name\" content=\"Relevant Film\" \/>\n<meta property=\"article:published_time\" content=\"2024-10-23T12:42:38+00:00\" \/>\n<meta property=\"article:modified_time\" content=\"2026-04-21T18:31:53+00:00\" \/>\n<meta property=\"og:image\" content=\"https:\/\/relevantfilm.de\/wp-content\/uploads\/2024\/10\/J0A8652_StilleNachtRaueNacht_Keyvisual_glam-scaled-e1731401788733.jpeg\" \/>\n\t<meta property=\"og:image:width\" content=\"2355\" \/>\n\t<meta property=\"og:image:height\" content=\"861\" \/>\n\t<meta property=\"og:image:type\" content=\"image\/jpeg\" \/>\n<meta name=\"author\" content=\"Judica Schrammeck\" \/>\n<meta name=\"twitter:card\" content=\"summary_large_image\" \/>\n<meta name=\"twitter:label1\" content=\"Verfasst von\" \/>\n\t<meta name=\"twitter:data1\" content=\"Judica Schrammeck\" \/>\n\t<meta name=\"twitter:label2\" content=\"Gesch\u00e4tzte Lesezeit\" \/>\n\t<meta name=\"twitter:data2\" content=\"4\u00a0Minuten\" \/>\n<script type=\"application\/ld+json\" class=\"yoast-schema-graph\">{\"@context\":\"https:\\\/\\\/schema.org\",\"@graph\":[{\"@type\":\"Article\",\"@id\":\"https:\\\/\\\/relevantfilm.de\\\/?p=3490#article\",\"isPartOf\":{\"@id\":\"https:\\\/\\\/relevantfilm.de\\\/?p=3490\"},\"author\":{\"name\":\"Judica Schrammeck\",\"@id\":\"https:\\\/\\\/relevantfilm.de\\\/#\\\/schema\\\/person\\\/e958a283c85c399b0c52c732f5c60228\"},\"headline\":\"&#8218;Stille Nacht, raue Nacht&#8216;: Erstausstrahlung So. 01.12. im ZDF\",\"datePublished\":\"2024-10-23T12:42:38+00:00\",\"dateModified\":\"2026-04-21T18:31:53+00:00\",\"mainEntityOfPage\":{\"@id\":\"https:\\\/\\\/relevantfilm.de\\\/?p=3490\"},\"wordCount\":405,\"image\":{\"@id\":\"https:\\\/\\\/relevantfilm.de\\\/?p=3490#primaryimage\"},\"thumbnailUrl\":\"https:\\\/\\\/relevantfilm.de\\\/wp-content\\\/uploads\\\/2024\\\/10\\\/J0A8652_StilleNachtRaueNacht_Keyvisual_glam-scaled-e1731401788733.jpeg\",\"articleSection\":[\"Aktueller Film\"],\"inLanguage\":\"de\"},{\"@type\":\"WebPage\",\"@id\":\"https:\\\/\\\/relevantfilm.de\\\/?p=3490\",\"url\":\"https:\\\/\\\/relevantfilm.de\\\/?p=3490\",\"name\":\"'Stille Nacht, raue Nacht': Erstausstrahlung So. 01.12. im ZDF - Relevant Film\",\"isPartOf\":{\"@id\":\"https:\\\/\\\/relevantfilm.de\\\/#website\"},\"primaryImageOfPage\":{\"@id\":\"https:\\\/\\\/relevantfilm.de\\\/?p=3490#primaryimage\"},\"image\":{\"@id\":\"https:\\\/\\\/relevantfilm.de\\\/?p=3490#primaryimage\"},\"thumbnailUrl\":\"https:\\\/\\\/relevantfilm.de\\\/wp-content\\\/uploads\\\/2024\\\/10\\\/J0A8652_StilleNachtRaueNacht_Keyvisual_glam-scaled-e1731401788733.jpeg\",\"datePublished\":\"2024-10-23T12:42:38+00:00\",\"dateModified\":\"2026-04-21T18:31:53+00:00\",\"author\":{\"@id\":\"https:\\\/\\\/relevantfilm.de\\\/#\\\/schema\\\/person\\\/e958a283c85c399b0c52c732f5c60228\"},\"breadcrumb\":{\"@id\":\"https:\\\/\\\/relevantfilm.de\\\/?p=3490#breadcrumb\"},\"inLanguage\":\"de\",\"potentialAction\":[{\"@type\":\"ReadAction\",\"target\":[\"https:\\\/\\\/relevantfilm.de\\\/?p=3490\"]}]},{\"@type\":\"ImageObject\",\"inLanguage\":\"de\",\"@id\":\"https:\\\/\\\/relevantfilm.de\\\/?p=3490#primaryimage\",\"url\":\"https:\\\/\\\/relevantfilm.de\\\/wp-content\\\/uploads\\\/2024\\\/10\\\/J0A8652_StilleNachtRaueNacht_Keyvisual_glam-scaled-e1731401788733.jpeg\",\"contentUrl\":\"https:\\\/\\\/relevantfilm.de\\\/wp-content\\\/uploads\\\/2024\\\/10\\\/J0A8652_StilleNachtRaueNacht_Keyvisual_glam-scaled-e1731401788733.jpeg\",\"width\":2355,\"height\":861},{\"@type\":\"BreadcrumbList\",\"@id\":\"https:\\\/\\\/relevantfilm.de\\\/?p=3490#breadcrumb\",\"itemListElement\":[{\"@type\":\"ListItem\",\"position\":1,\"name\":\"Startseite\",\"item\":\"https:\\\/\\\/relevantfilm.de\\\/\"},{\"@type\":\"ListItem\",\"position\":2,\"name\":\"&#8218;Stille Nacht, raue Nacht&#8216;: Erstausstrahlung So. 01.12. im ZDF\"}]},{\"@type\":\"WebSite\",\"@id\":\"https:\\\/\\\/relevantfilm.de\\\/#website\",\"url\":\"https:\\\/\\\/relevantfilm.de\\\/\",\"name\":\"Relevant Film\",\"description\":\"Filmproduktion Hamburg\",\"potentialAction\":[{\"@type\":\"SearchAction\",\"target\":{\"@type\":\"EntryPoint\",\"urlTemplate\":\"https:\\\/\\\/relevantfilm.de\\\/?s={search_term_string}\"},\"query-input\":{\"@type\":\"PropertyValueSpecification\",\"valueRequired\":true,\"valueName\":\"search_term_string\"}}],\"inLanguage\":\"de\"},{\"@type\":\"Person\",\"@id\":\"https:\\\/\\\/relevantfilm.de\\\/#\\\/schema\\\/person\\\/e958a283c85c399b0c52c732f5c60228\",\"name\":\"Judica Schrammeck\",\"image\":{\"@type\":\"ImageObject\",\"inLanguage\":\"de\",\"@id\":\"https:\\\/\\\/secure.gravatar.com\\\/avatar\\\/b19e9ce218a797f1052c4030b2e615bf8ee2784409b0cedc8c6e44506f5df67d?s=96&d=mm&r=g\",\"url\":\"https:\\\/\\\/secure.gravatar.com\\\/avatar\\\/b19e9ce218a797f1052c4030b2e615bf8ee2784409b0cedc8c6e44506f5df67d?s=96&d=mm&r=g\",\"contentUrl\":\"https:\\\/\\\/secure.gravatar.com\\\/avatar\\\/b19e9ce218a797f1052c4030b2e615bf8ee2784409b0cedc8c6e44506f5df67d?s=96&d=mm&r=g\",\"caption\":\"Judica Schrammeck\"},\"sameAs\":[\"https:\\\/\\\/relevantfilm.de\\\/\"],\"url\":\"https:\\\/\\\/relevantfilm.de\\\/?author=3\"}]}<\/script>\n<!-- \/ Yoast SEO plugin. -->","yoast_head_json":{"title":"'Stille Nacht, raue Nacht': Erstausstrahlung So. 01.12. im ZDF - Relevant Film","robots":{"index":"index","follow":"follow","max-snippet":"max-snippet:-1","max-image-preview":"max-image-preview:large","max-video-preview":"max-video-preview:-1"},"canonical":"https:\/\/relevantfilm.de\/?p=3490","og_locale":"de_DE","og_type":"article","og_title":"'Stille Nacht, raue Nacht': Erstausstrahlung So. 01.12. im ZDF - Relevant Film","og_description":"und ab Sonntag, den 17. November in der ZDF Mediathek! Haben sie schon einmal von den Rauhn\u00e4chten geh\u00f6rt&#8230;? Diesem seltsamen &#8222;Loch&#8220; in der Weihnachtszeit mit Reinigungsritualen, Traumtageb\u00fcchern und Wunschzetteln, die in eine Feuerschale geworfen werden? Dann geht es ihnen so, wie der Wissenschaftlerin Liane (Maria Ehrich) die auf einer Wintersonnenwende-Party am 21. Dezember in eine [&hellip;]","og_url":"https:\/\/relevantfilm.de\/?p=3490","og_site_name":"Relevant Film","article_published_time":"2024-10-23T12:42:38+00:00","article_modified_time":"2026-04-21T18:31:53+00:00","og_image":[{"width":2355,"height":861,"url":"https:\/\/relevantfilm.de\/wp-content\/uploads\/2024\/10\/J0A8652_StilleNachtRaueNacht_Keyvisual_glam-scaled-e1731401788733.jpeg","type":"image\/jpeg"}],"author":"Judica Schrammeck","twitter_card":"summary_large_image","twitter_misc":{"Verfasst von":"Judica Schrammeck","Gesch\u00e4tzte Lesezeit":"4\u00a0Minuten"},"schema":{"@context":"https:\/\/schema.org","@graph":[{"@type":"Article","@id":"https:\/\/relevantfilm.de\/?p=3490#article","isPartOf":{"@id":"https:\/\/relevantfilm.de\/?p=3490"},"author":{"name":"Judica Schrammeck","@id":"https:\/\/relevantfilm.de\/#\/schema\/person\/e958a283c85c399b0c52c732f5c60228"},"headline":"&#8218;Stille Nacht, raue Nacht&#8216;: Erstausstrahlung So. 01.12. im ZDF","datePublished":"2024-10-23T12:42:38+00:00","dateModified":"2026-04-21T18:31:53+00:00","mainEntityOfPage":{"@id":"https:\/\/relevantfilm.de\/?p=3490"},"wordCount":405,"image":{"@id":"https:\/\/relevantfilm.de\/?p=3490#primaryimage"},"thumbnailUrl":"https:\/\/relevantfilm.de\/wp-content\/uploads\/2024\/10\/J0A8652_StilleNachtRaueNacht_Keyvisual_glam-scaled-e1731401788733.jpeg","articleSection":["Aktueller Film"],"inLanguage":"de"},{"@type":"WebPage","@id":"https:\/\/relevantfilm.de\/?p=3490","url":"https:\/\/relevantfilm.de\/?p=3490","name":"'Stille Nacht, raue Nacht': Erstausstrahlung So. 01.12. im ZDF - Relevant Film","isPartOf":{"@id":"https:\/\/relevantfilm.de\/#website"},"primaryImageOfPage":{"@id":"https:\/\/relevantfilm.de\/?p=3490#primaryimage"},"image":{"@id":"https:\/\/relevantfilm.de\/?p=3490#primaryimage"},"thumbnailUrl":"https:\/\/relevantfilm.de\/wp-content\/uploads\/2024\/10\/J0A8652_StilleNachtRaueNacht_Keyvisual_glam-scaled-e1731401788733.jpeg","datePublished":"2024-10-23T12:42:38+00:00","dateModified":"2026-04-21T18:31:53+00:00","author":{"@id":"https:\/\/relevantfilm.de\/#\/schema\/person\/e958a283c85c399b0c52c732f5c60228"},"breadcrumb":{"@id":"https:\/\/relevantfilm.de\/?p=3490#breadcrumb"},"inLanguage":"de","potentialAction":[{"@type":"ReadAction","target":["https:\/\/relevantfilm.de\/?p=3490"]}]},{"@type":"ImageObject","inLanguage":"de","@id":"https:\/\/relevantfilm.de\/?p=3490#primaryimage","url":"https:\/\/relevantfilm.de\/wp-content\/uploads\/2024\/10\/J0A8652_StilleNachtRaueNacht_Keyvisual_glam-scaled-e1731401788733.jpeg","contentUrl":"https:\/\/relevantfilm.de\/wp-content\/uploads\/2024\/10\/J0A8652_StilleNachtRaueNacht_Keyvisual_glam-scaled-e1731401788733.jpeg","width":2355,"height":861},{"@type":"BreadcrumbList","@id":"https:\/\/relevantfilm.de\/?p=3490#breadcrumb","itemListElement":[{"@type":"ListItem","position":1,"name":"Startseite","item":"https:\/\/relevantfilm.de\/"},{"@type":"ListItem","position":2,"name":"&#8218;Stille Nacht, raue Nacht&#8216;: Erstausstrahlung So. 01.12. im ZDF"}]},{"@type":"WebSite","@id":"https:\/\/relevantfilm.de\/#website","url":"https:\/\/relevantfilm.de\/","name":"Relevant Film","description":"Filmproduktion Hamburg","potentialAction":[{"@type":"SearchAction","target":{"@type":"EntryPoint","urlTemplate":"https:\/\/relevantfilm.de\/?s={search_term_string}"},"query-input":{"@type":"PropertyValueSpecification","valueRequired":true,"valueName":"search_term_string"}}],"inLanguage":"de"},{"@type":"Person","@id":"https:\/\/relevantfilm.de\/#\/schema\/person\/e958a283c85c399b0c52c732f5c60228","name":"Judica Schrammeck","image":{"@type":"ImageObject","inLanguage":"de","@id":"https:\/\/secure.gravatar.com\/avatar\/b19e9ce218a797f1052c4030b2e615bf8ee2784409b0cedc8c6e44506f5df67d?s=96&d=mm&r=g","url":"https:\/\/secure.gravatar.com\/avatar\/b19e9ce218a797f1052c4030b2e615bf8ee2784409b0cedc8c6e44506f5df67d?s=96&d=mm&r=g","contentUrl":"https:\/\/secure.gravatar.com\/avatar\/b19e9ce218a797f1052c4030b2e615bf8ee2784409b0cedc8c6e44506f5df67d?s=96&d=mm&r=g","caption":"Judica Schrammeck"},"sameAs":["https:\/\/relevantfilm.de\/"],"url":"https:\/\/relevantfilm.de\/?author=3"}]}},"_links":{"self":[{"href":"https:\/\/relevantfilm.de\/index.php?rest_route=\/wp\/v2\/posts\/3490","targetHints":{"allow":["GET"]}}],"collection":[{"href":"https:\/\/relevantfilm.de\/index.php?rest_route=\/wp\/v2\/posts"}],"about":[{"href":"https:\/\/relevantfilm.de\/index.php?rest_route=\/wp\/v2\/types\/post"}],"author":[{"embeddable":true,"href":"https:\/\/relevantfilm.de\/index.php?rest_route=\/wp\/v2\/users\/3"}],"replies":[{"embeddable":true,"href":"https:\/\/relevantfilm.de\/index.php?rest_route=%2Fwp%2Fv2%2Fcomments&post=3490"}],"version-history":[{"count":34,"href":"https:\/\/relevantfilm.de\/index.php?rest_route=\/wp\/v2\/posts\/3490\/revisions"}],"predecessor-version":[{"id":3679,"href":"https:\/\/relevantfilm.de\/index.php?rest_route=\/wp\/v2\/posts\/3490\/revisions\/3679"}],"wp:featuredmedia":[{"embeddable":true,"href":"https:\/\/relevantfilm.de\/index.php?rest_route=\/wp\/v2\/media\/3581"}],"wp:attachment":[{"href":"https:\/\/relevantfilm.de\/index.php?rest_route=%2Fwp%2Fv2%2Fmedia&parent=3490"}],"wp:term":[{"taxonomy":"category","embeddable":true,"href":"https:\/\/relevantfilm.de\/index.php?rest_route=%2Fwp%2Fv2%2Fcategories&post=3490"},{"taxonomy":"post_tag","embeddable":true,"href":"https:\/\/relevantfilm.de\/index.php?rest_route=%2Fwp%2Fv2%2Ftags&post=3490"},{"taxonomy":"post_flag","embeddable":true,"href":"https:\/\/relevantfilm.de\/index.php?rest_route=%2Fwp%2Fv2%2Fpost_flags&post=3490"}],"curies":[{"name":"wp","href":"https:\/\/api.w.org\/{rel}","templated":true}]}}