{"id":3891,"date":"2025-07-16T15:13:33","date_gmt":"2025-07-16T13:13:33","guid":{"rendered":"https:\/\/relevantfilm.de\/?p=3891"},"modified":"2026-04-21T20:31:53","modified_gmt":"2026-04-21T18:31:53","slug":"das-verschwundene-kind-feiert-weltpremiere-auf-dem-filmfest-muenchen","status":"publish","type":"post","link":"https:\/\/relevantfilm.de\/?p=3891","title":{"rendered":"&#8218;Das verschwundene Kind&#8216;: Filmfest M\u00fcnchen &amp; Filmfestspiele Biberach"},"content":{"rendered":"\n<p class=\"has-medium-font-size\"><strong>Wir freuen uns sehr, dass unsere ZDF-Produktion &#8218;Das verschwundene Kind&#8216; beim Internationalen Filmfest M\u00fcnchen 2025 uraufgef\u00fchrt wird: Premiere am Dienstag, 01. Juli um 17:30 Uhr im Gloria Palast.<\/strong> <\/p>\n\n\n\n<p>Der Film wird in der Reihe Neues Deutsches Fernsehen pr\u00e4sentiert und ist f\u00fcr den <strong>Bernd Burgemeister Preis<\/strong> nominiert worden.<\/p>\n\n\n\n<p><a href=\"https:\/\/www.filmfest-muenchen.de\/de\/programm\/filme\/film\/?id=8038&amp;f=120\">Link zu Filmfest M\u00fcnchen<\/a> <\/p>\n\n\n\n<p>Nun zeigen auch die <strong>Filmfestspiele Biberach<\/strong> unseren Film noch vor der Erstausstrahlung: Die Vorf\u00fchrtermine in Biberach: Freitag, 31.Oktober um 19 Uhr und Samstag, 1.November um 17 Uhr (mit G\u00e4sten!). Die Biberacher Filmfestspiele geh\u00f6ren zu den \u00e4ltesten Filmfestivals Deutschlands. Die besten Filme werden von verschiedenen Jurys j\u00e4hrlich mit den begehrten Filmfest-Bibern ausgezeichnet.\u00a0<\/p>\n\n\n\n<p><a href=\"https:\/\/biberacherfilmfestspiele.de\/\">Link zu Biberacher Filmfestspiele<\/a><\/p>\n\n\n\n<p>&#8218;Das verschwundene Kind&#8216; mit <strong>Julia Koschitz, Mark Waschke, Anna Schudt und Hans L\u00f6w<\/strong> ist eine psychologisch fein austarierte Geschichte \u00fcber ein &#8217;schwieriges&#8216; Kind und die Wirkmacht einer L\u00fcge, die das Lebenskonzept zweier Familien komplett in Frage stellt.<\/p>\n\n\n\n<p><strong>Sabine Bernardi<\/strong> inszenierte das feinf\u00fchlige Familiendrama nach einem Drehbuch geschrieben von <strong>Silke Zertz<\/strong> nach Motiven des Romans \u201aUnter Wasser Nacht\u2018 von <strong>Kristina Hauff<\/strong>.<\/p>\n\n\n\n<p>Inmitten der Sch\u00f6nheit der Mittleren Elbtalaue verwirklichen vier Freunde ihren Traum von einer Hausgemeinschaft: Sophie (<strong>Julia Koschitz<\/strong>), Thies (<strong>Mark Waschke<\/strong>), Bodo (<strong>Hans L\u00f6w<\/strong>) und Inga (<strong>Anna Schudt<\/strong>) wollen die Limitierungen der Kleinfamilie \u00fcberwinden, ihre Kinder gemeinsam erziehen und in Einklang mit der Natur leben. Doch mit der Idylle ist es vorbei, als der 12j\u00e4hrige Aaron (<strong>Sammy Schrein<\/strong>) spurlos verschwindet. W\u00e4hrend der Suche brechen Konflikte auf,  das Misstrauen unter den Freunden w\u00e4chst und eine L\u00fcge stellt pl\u00f6tzlich alles in Frage, was sie sich gemeinsam aufgebaut haben.<\/p>\n\n\n<div class=\"wp-block-image\">\n<figure class=\"aligncenter size-large is-resized\"><img loading=\"lazy\" decoding=\"async\" width=\"726\" height=\"1024\" src=\"https:\/\/relevantfilm.de\/wp-content\/uploads\/2025\/05\/Filmfest-Muenchen-Plakat-das-verschwundene-Kind-600-x-846-mm-726x1024.png\" alt=\"\" class=\"wp-image-3955\" style=\"width:641px;height:auto\" srcset=\"https:\/\/relevantfilm.de\/wp-content\/uploads\/2025\/05\/Filmfest-Muenchen-Plakat-das-verschwundene-Kind-600-x-846-mm-726x1024.png 726w, https:\/\/relevantfilm.de\/wp-content\/uploads\/2025\/05\/Filmfest-Muenchen-Plakat-das-verschwundene-Kind-600-x-846-mm-213x300.png 213w, https:\/\/relevantfilm.de\/wp-content\/uploads\/2025\/05\/Filmfest-Muenchen-Plakat-das-verschwundene-Kind-600-x-846-mm-768x1083.png 768w, https:\/\/relevantfilm.de\/wp-content\/uploads\/2025\/05\/Filmfest-Muenchen-Plakat-das-verschwundene-Kind-600-x-846-mm-1089x1536.png 1089w, https:\/\/relevantfilm.de\/wp-content\/uploads\/2025\/05\/Filmfest-Muenchen-Plakat-das-verschwundene-Kind-600-x-846-mm-scaled.png 1815w\" sizes=\"(max-width: 726px) 100vw, 726px\" \/><\/figure>\n<\/div>\n\n\n<p>Was passiert, wenn ein Kind ungewollt zwischen die M\u00fchlen zweier Familien ger\u00e4t und die dunkle Seite der Gemeinschaft an die Oberfl\u00e4che sp\u00fclt? Ist Aaron m\u00f6glicherweise gar nicht der Ausl\u00f6ser der Krise, sondern ihr Botschafter?<\/p>\n\n\n\n<p>Redakteurin im ZDF ist <strong>Solveig Cornelisen<\/strong>, Produzentin <strong>Heike Wiehle-Timm<\/strong>, Bildgestaltung <strong>Moritz Schulthei\u00df<\/strong>.<\/p>\n\n\n\n<p>In weiteren Rollen zu sehen sind <strong>Jona Levin Nicolai, C\u00e4cilia Kirchner, Ulrike Johannson, Oliver T\u00f6rner, Petra Hartung, Jesse Hansen , Maju Margrit Sartorius, Harald Burmeister, Matthieu Svetchine, Apostolos Dulakis, Isa Can, Ben Kani <\/strong>u.v.a.<\/p>\n\n\n\n<p>Casting <strong>Marion Haack<\/strong> | Szenenbild <strong>Jan Lasse Hartmann<\/strong> | Kost\u00fcm <strong>Astrid M\u00f6ldner<\/strong> | Maske <strong>Daniel Schr\u00f6der, Annette Schirmer<\/strong> | Licht <strong>Jens Mackeldey<\/strong> | Schnitt <strong>Nicola Undritz<\/strong> | Komponist <strong>Richard Ruzicka<\/strong> | Originalton <strong>Torsten T\u00f6bben<\/strong>, <strong>Vincent Richter<\/strong> | Mischung <strong>Arne Dammann<\/strong> | Produktionsleitung <strong>Peter Nawrotzki<\/strong> | Musikredaktion ZDF <strong>Oona Friedrichs<\/strong> | Producerin <strong>Cecile Heisler-Zigulla<\/strong> <\/p>\n\n\n\n<p>Die Dreharbeiten fanden im Sommer 2024 u.a. im Wendland statt.<\/p>\n\n\n\n<p><a href=\"https:\/\/relevantfilm.de\/?movie=das-verschwundene-kind\">Mehr Informationen zum Film finden Sie hier.<\/a><\/p>\n\n\n\n<p class=\"has-small-font-size\">Bildnachweis I \u00a9 ZDF \/Relevant Film\/ Andrea K\u00fcppers<\/p>\n\n\n\n<p><\/p>\n","protected":false},"excerpt":{"rendered":"<p>Wir freuen uns sehr, dass unsere ZDF-Produktion &#8218;Das verschwundene Kind&#8216; beim Internationalen Filmfest M\u00fcnchen 2025 uraufgef\u00fchrt wird: Premiere am Dienstag, 01. Juli um 17:30 Uhr im Gloria Palast. Der Film wird in der Reihe Neues Deutsches Fernsehen pr\u00e4sentiert und ist f\u00fcr den Bernd Burgemeister Preis nominiert worden. Link zu Filmfest M\u00fcnchen Nun zeigen auch die [&hellip;]<\/p>\n","protected":false},"author":3,"featured_media":3907,"comment_status":"closed","ping_status":"closed","sticky":false,"template":"","format":"standard","meta":{"_acf_changed":false,"footnotes":""},"categories":[23],"tags":[],"post_flags":[],"class_list":["post-3891","post","type-post","status-publish","format-standard","has-post-thumbnail","hentry","category-aktueller-film"],"acf":[],"yoast_head":"<!-- This site is optimized with the Yoast SEO plugin v27.5 - https:\/\/yoast.com\/product\/yoast-seo-wordpress\/ -->\n<title>&#039;Das verschwundene Kind&#039;: Filmfest M\u00fcnchen &amp; Filmfestspiele Biberach - Relevant Film<\/title>\n<meta name=\"robots\" content=\"index, follow, max-snippet:-1, max-image-preview:large, max-video-preview:-1\" \/>\n<link rel=\"canonical\" href=\"https:\/\/relevantfilm.de\/?p=3891\" \/>\n<meta property=\"og:locale\" content=\"de_DE\" \/>\n<meta property=\"og:type\" content=\"article\" \/>\n<meta property=\"og:title\" content=\"&#039;Das verschwundene Kind&#039;: Filmfest M\u00fcnchen &amp; Filmfestspiele Biberach - Relevant Film\" \/>\n<meta property=\"og:description\" content=\"Wir freuen uns sehr, dass unsere ZDF-Produktion &#8218;Das verschwundene Kind&#8216; beim Internationalen Filmfest M\u00fcnchen 2025 uraufgef\u00fchrt wird: Premiere am Dienstag, 01. Juli um 17:30 Uhr im Gloria Palast. Der Film wird in der Reihe Neues Deutsches Fernsehen pr\u00e4sentiert und ist f\u00fcr den Bernd Burgemeister Preis nominiert worden. Link zu Filmfest M\u00fcnchen Nun zeigen auch die [&hellip;]\" \/>\n<meta property=\"og:url\" content=\"https:\/\/relevantfilm.de\/?p=3891\" \/>\n<meta property=\"og:site_name\" content=\"Relevant Film\" \/>\n<meta property=\"article:published_time\" content=\"2025-07-16T13:13:33+00:00\" \/>\n<meta property=\"article:modified_time\" content=\"2026-04-21T18:31:53+00:00\" \/>\n<meta property=\"og:image\" content=\"https:\/\/relevantfilm.de\/wp-content\/uploads\/2025\/05\/Das-verschwundene-Kind_website1.jpg\" \/>\n\t<meta property=\"og:image:width\" content=\"2475\" \/>\n\t<meta property=\"og:image:height\" content=\"900\" \/>\n\t<meta property=\"og:image:type\" content=\"image\/jpeg\" \/>\n<meta name=\"author\" content=\"Judica Schrammeck\" \/>\n<meta name=\"twitter:card\" content=\"summary_large_image\" \/>\n<meta name=\"twitter:label1\" content=\"Verfasst von\" \/>\n\t<meta name=\"twitter:data1\" content=\"Judica Schrammeck\" \/>\n\t<meta name=\"twitter:label2\" content=\"Gesch\u00e4tzte Lesezeit\" \/>\n\t<meta name=\"twitter:data2\" content=\"3\u00a0Minuten\" \/>\n<script type=\"application\/ld+json\" class=\"yoast-schema-graph\">{\"@context\":\"https:\\\/\\\/schema.org\",\"@graph\":[{\"@type\":\"Article\",\"@id\":\"https:\\\/\\\/relevantfilm.de\\\/?p=3891#article\",\"isPartOf\":{\"@id\":\"https:\\\/\\\/relevantfilm.de\\\/?p=3891\"},\"author\":{\"name\":\"Judica Schrammeck\",\"@id\":\"https:\\\/\\\/relevantfilm.de\\\/#\\\/schema\\\/person\\\/e958a283c85c399b0c52c732f5c60228\"},\"headline\":\"&#8218;Das verschwundene Kind&#8216;: Filmfest M\u00fcnchen &amp; Filmfestspiele Biberach\",\"datePublished\":\"2025-07-16T13:13:33+00:00\",\"dateModified\":\"2026-04-21T18:31:53+00:00\",\"mainEntityOfPage\":{\"@id\":\"https:\\\/\\\/relevantfilm.de\\\/?p=3891\"},\"wordCount\":434,\"image\":{\"@id\":\"https:\\\/\\\/relevantfilm.de\\\/?p=3891#primaryimage\"},\"thumbnailUrl\":\"https:\\\/\\\/relevantfilm.de\\\/wp-content\\\/uploads\\\/2025\\\/05\\\/Das-verschwundene-Kind_website1.jpg\",\"articleSection\":[\"Aktueller Film\"],\"inLanguage\":\"de\"},{\"@type\":\"WebPage\",\"@id\":\"https:\\\/\\\/relevantfilm.de\\\/?p=3891\",\"url\":\"https:\\\/\\\/relevantfilm.de\\\/?p=3891\",\"name\":\"'Das verschwundene Kind': Filmfest M\u00fcnchen &amp; Filmfestspiele Biberach - Relevant Film\",\"isPartOf\":{\"@id\":\"https:\\\/\\\/relevantfilm.de\\\/#website\"},\"primaryImageOfPage\":{\"@id\":\"https:\\\/\\\/relevantfilm.de\\\/?p=3891#primaryimage\"},\"image\":{\"@id\":\"https:\\\/\\\/relevantfilm.de\\\/?p=3891#primaryimage\"},\"thumbnailUrl\":\"https:\\\/\\\/relevantfilm.de\\\/wp-content\\\/uploads\\\/2025\\\/05\\\/Das-verschwundene-Kind_website1.jpg\",\"datePublished\":\"2025-07-16T13:13:33+00:00\",\"dateModified\":\"2026-04-21T18:31:53+00:00\",\"author\":{\"@id\":\"https:\\\/\\\/relevantfilm.de\\\/#\\\/schema\\\/person\\\/e958a283c85c399b0c52c732f5c60228\"},\"breadcrumb\":{\"@id\":\"https:\\\/\\\/relevantfilm.de\\\/?p=3891#breadcrumb\"},\"inLanguage\":\"de\",\"potentialAction\":[{\"@type\":\"ReadAction\",\"target\":[\"https:\\\/\\\/relevantfilm.de\\\/?p=3891\"]}]},{\"@type\":\"ImageObject\",\"inLanguage\":\"de\",\"@id\":\"https:\\\/\\\/relevantfilm.de\\\/?p=3891#primaryimage\",\"url\":\"https:\\\/\\\/relevantfilm.de\\\/wp-content\\\/uploads\\\/2025\\\/05\\\/Das-verschwundene-Kind_website1.jpg\",\"contentUrl\":\"https:\\\/\\\/relevantfilm.de\\\/wp-content\\\/uploads\\\/2025\\\/05\\\/Das-verschwundene-Kind_website1.jpg\",\"width\":2475,\"height\":900},{\"@type\":\"BreadcrumbList\",\"@id\":\"https:\\\/\\\/relevantfilm.de\\\/?p=3891#breadcrumb\",\"itemListElement\":[{\"@type\":\"ListItem\",\"position\":1,\"name\":\"Startseite\",\"item\":\"https:\\\/\\\/relevantfilm.de\\\/\"},{\"@type\":\"ListItem\",\"position\":2,\"name\":\"&#8218;Das verschwundene Kind&#8216;: Filmfest M\u00fcnchen &amp; Filmfestspiele Biberach\"}]},{\"@type\":\"WebSite\",\"@id\":\"https:\\\/\\\/relevantfilm.de\\\/#website\",\"url\":\"https:\\\/\\\/relevantfilm.de\\\/\",\"name\":\"Relevant Film\",\"description\":\"Filmproduktion Hamburg\",\"potentialAction\":[{\"@type\":\"SearchAction\",\"target\":{\"@type\":\"EntryPoint\",\"urlTemplate\":\"https:\\\/\\\/relevantfilm.de\\\/?s={search_term_string}\"},\"query-input\":{\"@type\":\"PropertyValueSpecification\",\"valueRequired\":true,\"valueName\":\"search_term_string\"}}],\"inLanguage\":\"de\"},{\"@type\":\"Person\",\"@id\":\"https:\\\/\\\/relevantfilm.de\\\/#\\\/schema\\\/person\\\/e958a283c85c399b0c52c732f5c60228\",\"name\":\"Judica Schrammeck\",\"image\":{\"@type\":\"ImageObject\",\"inLanguage\":\"de\",\"@id\":\"https:\\\/\\\/secure.gravatar.com\\\/avatar\\\/b19e9ce218a797f1052c4030b2e615bf8ee2784409b0cedc8c6e44506f5df67d?s=96&d=mm&r=g\",\"url\":\"https:\\\/\\\/secure.gravatar.com\\\/avatar\\\/b19e9ce218a797f1052c4030b2e615bf8ee2784409b0cedc8c6e44506f5df67d?s=96&d=mm&r=g\",\"contentUrl\":\"https:\\\/\\\/secure.gravatar.com\\\/avatar\\\/b19e9ce218a797f1052c4030b2e615bf8ee2784409b0cedc8c6e44506f5df67d?s=96&d=mm&r=g\",\"caption\":\"Judica Schrammeck\"},\"sameAs\":[\"https:\\\/\\\/relevantfilm.de\\\/\"],\"url\":\"https:\\\/\\\/relevantfilm.de\\\/?author=3\"}]}<\/script>\n<!-- \/ Yoast SEO plugin. -->","yoast_head_json":{"title":"'Das verschwundene Kind': Filmfest M\u00fcnchen &amp; Filmfestspiele Biberach - Relevant Film","robots":{"index":"index","follow":"follow","max-snippet":"max-snippet:-1","max-image-preview":"max-image-preview:large","max-video-preview":"max-video-preview:-1"},"canonical":"https:\/\/relevantfilm.de\/?p=3891","og_locale":"de_DE","og_type":"article","og_title":"'Das verschwundene Kind': Filmfest M\u00fcnchen &amp; Filmfestspiele Biberach - Relevant Film","og_description":"Wir freuen uns sehr, dass unsere ZDF-Produktion &#8218;Das verschwundene Kind&#8216; beim Internationalen Filmfest M\u00fcnchen 2025 uraufgef\u00fchrt wird: Premiere am Dienstag, 01. Juli um 17:30 Uhr im Gloria Palast. Der Film wird in der Reihe Neues Deutsches Fernsehen pr\u00e4sentiert und ist f\u00fcr den Bernd Burgemeister Preis nominiert worden. Link zu Filmfest M\u00fcnchen Nun zeigen auch die [&hellip;]","og_url":"https:\/\/relevantfilm.de\/?p=3891","og_site_name":"Relevant Film","article_published_time":"2025-07-16T13:13:33+00:00","article_modified_time":"2026-04-21T18:31:53+00:00","og_image":[{"width":2475,"height":900,"url":"https:\/\/relevantfilm.de\/wp-content\/uploads\/2025\/05\/Das-verschwundene-Kind_website1.jpg","type":"image\/jpeg"}],"author":"Judica Schrammeck","twitter_card":"summary_large_image","twitter_misc":{"Verfasst von":"Judica Schrammeck","Gesch\u00e4tzte Lesezeit":"3\u00a0Minuten"},"schema":{"@context":"https:\/\/schema.org","@graph":[{"@type":"Article","@id":"https:\/\/relevantfilm.de\/?p=3891#article","isPartOf":{"@id":"https:\/\/relevantfilm.de\/?p=3891"},"author":{"name":"Judica Schrammeck","@id":"https:\/\/relevantfilm.de\/#\/schema\/person\/e958a283c85c399b0c52c732f5c60228"},"headline":"&#8218;Das verschwundene Kind&#8216;: Filmfest M\u00fcnchen &amp; Filmfestspiele Biberach","datePublished":"2025-07-16T13:13:33+00:00","dateModified":"2026-04-21T18:31:53+00:00","mainEntityOfPage":{"@id":"https:\/\/relevantfilm.de\/?p=3891"},"wordCount":434,"image":{"@id":"https:\/\/relevantfilm.de\/?p=3891#primaryimage"},"thumbnailUrl":"https:\/\/relevantfilm.de\/wp-content\/uploads\/2025\/05\/Das-verschwundene-Kind_website1.jpg","articleSection":["Aktueller Film"],"inLanguage":"de"},{"@type":"WebPage","@id":"https:\/\/relevantfilm.de\/?p=3891","url":"https:\/\/relevantfilm.de\/?p=3891","name":"'Das verschwundene Kind': Filmfest M\u00fcnchen &amp; Filmfestspiele Biberach - Relevant Film","isPartOf":{"@id":"https:\/\/relevantfilm.de\/#website"},"primaryImageOfPage":{"@id":"https:\/\/relevantfilm.de\/?p=3891#primaryimage"},"image":{"@id":"https:\/\/relevantfilm.de\/?p=3891#primaryimage"},"thumbnailUrl":"https:\/\/relevantfilm.de\/wp-content\/uploads\/2025\/05\/Das-verschwundene-Kind_website1.jpg","datePublished":"2025-07-16T13:13:33+00:00","dateModified":"2026-04-21T18:31:53+00:00","author":{"@id":"https:\/\/relevantfilm.de\/#\/schema\/person\/e958a283c85c399b0c52c732f5c60228"},"breadcrumb":{"@id":"https:\/\/relevantfilm.de\/?p=3891#breadcrumb"},"inLanguage":"de","potentialAction":[{"@type":"ReadAction","target":["https:\/\/relevantfilm.de\/?p=3891"]}]},{"@type":"ImageObject","inLanguage":"de","@id":"https:\/\/relevantfilm.de\/?p=3891#primaryimage","url":"https:\/\/relevantfilm.de\/wp-content\/uploads\/2025\/05\/Das-verschwundene-Kind_website1.jpg","contentUrl":"https:\/\/relevantfilm.de\/wp-content\/uploads\/2025\/05\/Das-verschwundene-Kind_website1.jpg","width":2475,"height":900},{"@type":"BreadcrumbList","@id":"https:\/\/relevantfilm.de\/?p=3891#breadcrumb","itemListElement":[{"@type":"ListItem","position":1,"name":"Startseite","item":"https:\/\/relevantfilm.de\/"},{"@type":"ListItem","position":2,"name":"&#8218;Das verschwundene Kind&#8216;: Filmfest M\u00fcnchen &amp; Filmfestspiele Biberach"}]},{"@type":"WebSite","@id":"https:\/\/relevantfilm.de\/#website","url":"https:\/\/relevantfilm.de\/","name":"Relevant Film","description":"Filmproduktion Hamburg","potentialAction":[{"@type":"SearchAction","target":{"@type":"EntryPoint","urlTemplate":"https:\/\/relevantfilm.de\/?s={search_term_string}"},"query-input":{"@type":"PropertyValueSpecification","valueRequired":true,"valueName":"search_term_string"}}],"inLanguage":"de"},{"@type":"Person","@id":"https:\/\/relevantfilm.de\/#\/schema\/person\/e958a283c85c399b0c52c732f5c60228","name":"Judica Schrammeck","image":{"@type":"ImageObject","inLanguage":"de","@id":"https:\/\/secure.gravatar.com\/avatar\/b19e9ce218a797f1052c4030b2e615bf8ee2784409b0cedc8c6e44506f5df67d?s=96&d=mm&r=g","url":"https:\/\/secure.gravatar.com\/avatar\/b19e9ce218a797f1052c4030b2e615bf8ee2784409b0cedc8c6e44506f5df67d?s=96&d=mm&r=g","contentUrl":"https:\/\/secure.gravatar.com\/avatar\/b19e9ce218a797f1052c4030b2e615bf8ee2784409b0cedc8c6e44506f5df67d?s=96&d=mm&r=g","caption":"Judica Schrammeck"},"sameAs":["https:\/\/relevantfilm.de\/"],"url":"https:\/\/relevantfilm.de\/?author=3"}]}},"_links":{"self":[{"href":"https:\/\/relevantfilm.de\/index.php?rest_route=\/wp\/v2\/posts\/3891","targetHints":{"allow":["GET"]}}],"collection":[{"href":"https:\/\/relevantfilm.de\/index.php?rest_route=\/wp\/v2\/posts"}],"about":[{"href":"https:\/\/relevantfilm.de\/index.php?rest_route=\/wp\/v2\/types\/post"}],"author":[{"embeddable":true,"href":"https:\/\/relevantfilm.de\/index.php?rest_route=\/wp\/v2\/users\/3"}],"replies":[{"embeddable":true,"href":"https:\/\/relevantfilm.de\/index.php?rest_route=%2Fwp%2Fv2%2Fcomments&post=3891"}],"version-history":[{"count":19,"href":"https:\/\/relevantfilm.de\/index.php?rest_route=\/wp\/v2\/posts\/3891\/revisions"}],"predecessor-version":[{"id":4201,"href":"https:\/\/relevantfilm.de\/index.php?rest_route=\/wp\/v2\/posts\/3891\/revisions\/4201"}],"wp:featuredmedia":[{"embeddable":true,"href":"https:\/\/relevantfilm.de\/index.php?rest_route=\/wp\/v2\/media\/3907"}],"wp:attachment":[{"href":"https:\/\/relevantfilm.de\/index.php?rest_route=%2Fwp%2Fv2%2Fmedia&parent=3891"}],"wp:term":[{"taxonomy":"category","embeddable":true,"href":"https:\/\/relevantfilm.de\/index.php?rest_route=%2Fwp%2Fv2%2Fcategories&post=3891"},{"taxonomy":"post_tag","embeddable":true,"href":"https:\/\/relevantfilm.de\/index.php?rest_route=%2Fwp%2Fv2%2Ftags&post=3891"},{"taxonomy":"post_flag","embeddable":true,"href":"https:\/\/relevantfilm.de\/index.php?rest_route=%2Fwp%2Fv2%2Fpost_flags&post=3891"}],"curies":[{"name":"wp","href":"https:\/\/api.w.org\/{rel}","templated":true}]}}