{"id":4050,"date":"2025-07-15T16:33:24","date_gmt":"2025-07-15T14:33:24","guid":{"rendered":"https:\/\/relevantfilm.de\/?p=4050"},"modified":"2026-04-21T20:31:53","modified_gmt":"2026-04-21T18:31:53","slug":"filmfest-ludwigshafen-weihnachtsueberraschungen","status":"publish","type":"post","link":"https:\/\/relevantfilm.de\/?p=4050","title":{"rendered":"Filmfest Ludwigshafen:   &#8218;Weihnachts\u00fcberraschungen&#8216;"},"content":{"rendered":"\n<p class=\"has-medium-font-size\"><strong>Wir freuen uns riesig, dass unsere Kom\u00f6die &#8218;Weihnachts\u00fcberraschungen&#8216; auf dem Festival des deutschen Films Ludwigshafen am Rhein seine Premiere feiern wird und f\u00fcr den Rheingold Publikumspreis nominiert ist!<\/strong><\/p>\n\n\n\n<p>Die Vorf\u00fchrtermine auf der sch\u00f6nen Parkinsel stehen auch schon fest:<\/p>\n\n\n\n<p><strong>Die Premiere findet am Mittwoch, 27. August um 17:30 Uhr im Zeltkino A statt.<\/strong><\/p>\n\n\n\n<p><strong>Weitere Vorf\u00fchtermine: Donnerstag, 28. August um 19:00 Uhr im Zeltkino C und am Freitag, 29. August um 12:30 Uhr im Zeltkino A&nbsp;&nbsp;&nbsp; &nbsp;<\/strong><\/p>\n\n\n\n<p><a href=\"https:\/\/www.festival-des-deutschen-films.de\/filme\/weihnachts%C3%BCberraschungen\">Link zum Filmfest Ludwigshafen<\/a><\/p>\n\n\n\n<p><a href=\"https:\/\/relevantfilm.de\/?movie=weihnachtsueberraschungen\">Link zur Filmseite<\/a><\/p>\n\n\n\n<p><strong>Weihnachten \u2013 das Fest der Liebe \u2026 und der \u00dcberraschungen<\/strong><\/p>\n\n\n\n<p>An Weihnachten sind die Erwartungen hoch \u2013 oft zu hoch. Harmonie soll herrschen, die Familie zusammenr\u00fccken, alles perfekt sein. Doch wenn mehrere Generationen auf engem Raum aufeinandertreffen, kann es schnell knistern \u2013 und nicht nur romantisch.<\/p>\n\n\n\n<p>So auch bei Nora: Sie freut sich auf ruhige Feiertage im kleinen Kreis \u2013 nur mit ihrer Mutter Ellen und Gro\u00dfmutter Lore. Endlich keine Streitereien mit Bruder Moritz, endlich Exklusivzeit mit Mama. Doch schon bald zeigt sich: Das Fest verl\u00e4uft alles andere als geplant.<\/p>\n\n\n\n<p>Ellen muss l\u00e4nger im Friseursalon arbeiten, Moritz steht unerwartet vor der T\u00fcr \u2013 und mit ihm taucht auch noch Bent auf, Noras ungeliebter Ex-Mitsch\u00fcler und Nachbar. Wegen eines Heizungsausfalls zieht kurzerhand Bents ganze Familie bei Nora ein: Schwester Katja, deren Sohn Fritz und Vater Rolf inklusive. Und was l\u00e4uft da eigentlich zwischen Ellen und Rolf?<\/p>\n\n\n\n<p>Zwischen G\u00e4nsebraten, Geschenken und generations\u00fcbergreifendem Chaos kommen Geheimnisse ans Licht, fliegen die Fetzen \u2013 und vielleicht auch ein paar Funken.<\/p>\n\n\n\n<figure class=\"wp-block-image size-large\"><img loading=\"lazy\" decoding=\"async\" width=\"1024\" height=\"792\" src=\"https:\/\/relevantfilm.de\/wp-content\/uploads\/2024\/12\/Weihnachtsueberaschhungen_Keyvisual-_0438-scaled-e1747146998793-1024x792.jpg\" alt=\"\" class=\"wp-image-3931\" srcset=\"https:\/\/relevantfilm.de\/wp-content\/uploads\/2024\/12\/Weihnachtsueberaschhungen_Keyvisual-_0438-scaled-e1747146998793-1024x792.jpg 1024w, https:\/\/relevantfilm.de\/wp-content\/uploads\/2024\/12\/Weihnachtsueberaschhungen_Keyvisual-_0438-scaled-e1747146998793-300x232.jpg 300w, https:\/\/relevantfilm.de\/wp-content\/uploads\/2024\/12\/Weihnachtsueberaschhungen_Keyvisual-_0438-scaled-e1747146998793-768x594.jpg 768w, https:\/\/relevantfilm.de\/wp-content\/uploads\/2024\/12\/Weihnachtsueberaschhungen_Keyvisual-_0438-scaled-e1747146998793-1536x1189.jpg 1536w, https:\/\/relevantfilm.de\/wp-content\/uploads\/2024\/12\/Weihnachtsueberaschhungen_Keyvisual-_0438-scaled-e1747146998793.jpg 1583w\" sizes=\"(max-width: 1024px) 100vw, 1024px\" \/><\/figure>\n\n\n\n<p><strong>Petra K. Wagner<\/strong> inszeniert &#8218;Weihnachts\u00fcberraschungen&#8216; nach einem Drehbuch von <strong>Claudia Matschulla <\/strong>und <strong>Arnd Mayer<\/strong>. Vor der Kamera von <strong>Peter Polsak<\/strong> spielen <strong>Morgane Ferru<\/strong> als Nora Ritter, <strong>Anton Spieker<\/strong> als ihr ehemaliger, verhasster Klassenkamerad Bent Bartels, <strong>Margarita Broich<\/strong> als Noras Mutter und Friseurmeisterin Ellen Ritter, <strong>Harald Krassnitzer<\/strong> als Bents Vater und B\u00e4ckermeister Rolf Bartels, <strong>Brix Schaumburg<\/strong> als Noras Bruder Moritz, <strong>Henrike Fehrs<\/strong> als Bents nervige, \u00fcberkorrekte und frisch getrennte Schwester Katja, <strong>Petra Kelling<\/strong> als Oma Lore (mit dem n\u00f6tigen Eierlik\u00f6r) und <strong>Maximilian Scheidt<\/strong>, <strong>Franziska von Harsdorf<\/strong>, <strong>Leandro Wegner<\/strong>, <strong>Ulrich Brandhoff<\/strong>, <strong>Andra Kennedy<\/strong>, <strong>Claudia Matschulla<\/strong> u.a.<\/p>\n\n\n\n<p>Die Dreharbeiten zu unserer Kom\u00f6die, die wir im Auftrag der ARD Degeto Film (Redaktion: Diane Wurzschmitt, Stefan Kruppa) f\u00fcr die ARD produziert haben, fanden im Dezember 2024 in Hamburg statt.<\/p>\n\n\n\n<p><\/p>\n\n\n\n<p class=\"has-small-font-size\">Bildnachweis I \u201aWeihnachts\u00fcberraschungen\u2018 \u00a9 Relevant Film, ARD Degeto Film I Georg Wendt<\/p>\n","protected":false},"excerpt":{"rendered":"<p>Wir freuen uns riesig, dass unsere Kom\u00f6die &#8218;Weihnachts\u00fcberraschungen&#8216; auf dem Festival des deutschen Films Ludwigshafen am Rhein seine Premiere feiern wird und f\u00fcr den Rheingold Publikumspreis nominiert ist! Die Vorf\u00fchrtermine auf der sch\u00f6nen Parkinsel stehen auch schon fest: Die Premiere findet am Mittwoch, 27. August um 17:30 Uhr im Zeltkino A statt. Weitere Vorf\u00fchtermine: Donnerstag, [&hellip;]<\/p>\n","protected":false},"author":3,"featured_media":4020,"comment_status":"closed","ping_status":"closed","sticky":false,"template":"","format":"standard","meta":{"_acf_changed":false,"footnotes":""},"categories":[23],"tags":[],"post_flags":[],"class_list":["post-4050","post","type-post","status-publish","format-standard","has-post-thumbnail","hentry","category-aktueller-film"],"acf":[],"yoast_head":"<!-- This site is optimized with the Yoast SEO plugin v27.5 - https:\/\/yoast.com\/product\/yoast-seo-wordpress\/ -->\n<title>Filmfest Ludwigshafen:  &#039;Weihnachts\u00fcberraschungen&#039; - Relevant Film<\/title>\n<meta name=\"robots\" content=\"index, follow, max-snippet:-1, max-image-preview:large, max-video-preview:-1\" \/>\n<link rel=\"canonical\" href=\"https:\/\/relevantfilm.de\/?p=4050\" \/>\n<meta property=\"og:locale\" content=\"de_DE\" \/>\n<meta property=\"og:type\" content=\"article\" \/>\n<meta property=\"og:title\" content=\"Filmfest Ludwigshafen:  &#039;Weihnachts\u00fcberraschungen&#039; - Relevant Film\" \/>\n<meta property=\"og:description\" content=\"Wir freuen uns riesig, dass unsere Kom\u00f6die &#8218;Weihnachts\u00fcberraschungen&#8216; auf dem Festival des deutschen Films Ludwigshafen am Rhein seine Premiere feiern wird und f\u00fcr den Rheingold Publikumspreis nominiert ist! Die Vorf\u00fchrtermine auf der sch\u00f6nen Parkinsel stehen auch schon fest: Die Premiere findet am Mittwoch, 27. August um 17:30 Uhr im Zeltkino A statt. Weitere Vorf\u00fchtermine: Donnerstag, [&hellip;]\" \/>\n<meta property=\"og:url\" content=\"https:\/\/relevantfilm.de\/?p=4050\" \/>\n<meta property=\"og:site_name\" content=\"Relevant Film\" \/>\n<meta property=\"article:published_time\" content=\"2025-07-15T14:33:24+00:00\" \/>\n<meta property=\"article:modified_time\" content=\"2026-04-21T18:31:53+00:00\" \/>\n<meta property=\"og:image\" content=\"https:\/\/relevantfilm.de\/wp-content\/uploads\/2025\/07\/Weihnachtsueberaschhungen_Bild_26_1253-scaled.jpg\" \/>\n\t<meta property=\"og:image:width\" content=\"2560\" \/>\n\t<meta property=\"og:image:height\" content=\"1707\" \/>\n\t<meta property=\"og:image:type\" content=\"image\/jpeg\" \/>\n<meta name=\"author\" content=\"Judica Schrammeck\" \/>\n<meta name=\"twitter:card\" content=\"summary_large_image\" \/>\n<meta name=\"twitter:label1\" content=\"Verfasst von\" \/>\n\t<meta name=\"twitter:data1\" content=\"Judica Schrammeck\" \/>\n\t<meta name=\"twitter:label2\" content=\"Gesch\u00e4tzte Lesezeit\" \/>\n\t<meta name=\"twitter:data2\" content=\"3\u00a0Minuten\" \/>\n<script type=\"application\/ld+json\" class=\"yoast-schema-graph\">{\"@context\":\"https:\\\/\\\/schema.org\",\"@graph\":[{\"@type\":\"Article\",\"@id\":\"https:\\\/\\\/relevantfilm.de\\\/?p=4050#article\",\"isPartOf\":{\"@id\":\"https:\\\/\\\/relevantfilm.de\\\/?p=4050\"},\"author\":{\"name\":\"Judica Schrammeck\",\"@id\":\"https:\\\/\\\/relevantfilm.de\\\/#\\\/schema\\\/person\\\/e958a283c85c399b0c52c732f5c60228\"},\"headline\":\"Filmfest Ludwigshafen: &#8218;Weihnachts\u00fcberraschungen&#8216;\",\"datePublished\":\"2025-07-15T14:33:24+00:00\",\"dateModified\":\"2026-04-21T18:31:53+00:00\",\"mainEntityOfPage\":{\"@id\":\"https:\\\/\\\/relevantfilm.de\\\/?p=4050\"},\"wordCount\":398,\"image\":{\"@id\":\"https:\\\/\\\/relevantfilm.de\\\/?p=4050#primaryimage\"},\"thumbnailUrl\":\"https:\\\/\\\/relevantfilm.de\\\/wp-content\\\/uploads\\\/2025\\\/07\\\/Weihnachtsueberaschhungen_Bild_26_1253-scaled.jpg\",\"articleSection\":[\"Aktueller Film\"],\"inLanguage\":\"de\"},{\"@type\":\"WebPage\",\"@id\":\"https:\\\/\\\/relevantfilm.de\\\/?p=4050\",\"url\":\"https:\\\/\\\/relevantfilm.de\\\/?p=4050\",\"name\":\"Filmfest Ludwigshafen: 'Weihnachts\u00fcberraschungen' - Relevant Film\",\"isPartOf\":{\"@id\":\"https:\\\/\\\/relevantfilm.de\\\/#website\"},\"primaryImageOfPage\":{\"@id\":\"https:\\\/\\\/relevantfilm.de\\\/?p=4050#primaryimage\"},\"image\":{\"@id\":\"https:\\\/\\\/relevantfilm.de\\\/?p=4050#primaryimage\"},\"thumbnailUrl\":\"https:\\\/\\\/relevantfilm.de\\\/wp-content\\\/uploads\\\/2025\\\/07\\\/Weihnachtsueberaschhungen_Bild_26_1253-scaled.jpg\",\"datePublished\":\"2025-07-15T14:33:24+00:00\",\"dateModified\":\"2026-04-21T18:31:53+00:00\",\"author\":{\"@id\":\"https:\\\/\\\/relevantfilm.de\\\/#\\\/schema\\\/person\\\/e958a283c85c399b0c52c732f5c60228\"},\"breadcrumb\":{\"@id\":\"https:\\\/\\\/relevantfilm.de\\\/?p=4050#breadcrumb\"},\"inLanguage\":\"de\",\"potentialAction\":[{\"@type\":\"ReadAction\",\"target\":[\"https:\\\/\\\/relevantfilm.de\\\/?p=4050\"]}]},{\"@type\":\"ImageObject\",\"inLanguage\":\"de\",\"@id\":\"https:\\\/\\\/relevantfilm.de\\\/?p=4050#primaryimage\",\"url\":\"https:\\\/\\\/relevantfilm.de\\\/wp-content\\\/uploads\\\/2025\\\/07\\\/Weihnachtsueberaschhungen_Bild_26_1253-scaled.jpg\",\"contentUrl\":\"https:\\\/\\\/relevantfilm.de\\\/wp-content\\\/uploads\\\/2025\\\/07\\\/Weihnachtsueberaschhungen_Bild_26_1253-scaled.jpg\",\"width\":2560,\"height\":1707,\"caption\":\"Nora Ritter (Morgane Ferru), Bent Bartels (Anton Spieker)\"},{\"@type\":\"BreadcrumbList\",\"@id\":\"https:\\\/\\\/relevantfilm.de\\\/?p=4050#breadcrumb\",\"itemListElement\":[{\"@type\":\"ListItem\",\"position\":1,\"name\":\"Startseite\",\"item\":\"https:\\\/\\\/relevantfilm.de\\\/\"},{\"@type\":\"ListItem\",\"position\":2,\"name\":\"Filmfest Ludwigshafen: &#8218;Weihnachts\u00fcberraschungen&#8216;\"}]},{\"@type\":\"WebSite\",\"@id\":\"https:\\\/\\\/relevantfilm.de\\\/#website\",\"url\":\"https:\\\/\\\/relevantfilm.de\\\/\",\"name\":\"Relevant Film\",\"description\":\"Filmproduktion Hamburg\",\"potentialAction\":[{\"@type\":\"SearchAction\",\"target\":{\"@type\":\"EntryPoint\",\"urlTemplate\":\"https:\\\/\\\/relevantfilm.de\\\/?s={search_term_string}\"},\"query-input\":{\"@type\":\"PropertyValueSpecification\",\"valueRequired\":true,\"valueName\":\"search_term_string\"}}],\"inLanguage\":\"de\"},{\"@type\":\"Person\",\"@id\":\"https:\\\/\\\/relevantfilm.de\\\/#\\\/schema\\\/person\\\/e958a283c85c399b0c52c732f5c60228\",\"name\":\"Judica Schrammeck\",\"image\":{\"@type\":\"ImageObject\",\"inLanguage\":\"de\",\"@id\":\"https:\\\/\\\/secure.gravatar.com\\\/avatar\\\/b19e9ce218a797f1052c4030b2e615bf8ee2784409b0cedc8c6e44506f5df67d?s=96&d=mm&r=g\",\"url\":\"https:\\\/\\\/secure.gravatar.com\\\/avatar\\\/b19e9ce218a797f1052c4030b2e615bf8ee2784409b0cedc8c6e44506f5df67d?s=96&d=mm&r=g\",\"contentUrl\":\"https:\\\/\\\/secure.gravatar.com\\\/avatar\\\/b19e9ce218a797f1052c4030b2e615bf8ee2784409b0cedc8c6e44506f5df67d?s=96&d=mm&r=g\",\"caption\":\"Judica Schrammeck\"},\"sameAs\":[\"https:\\\/\\\/relevantfilm.de\\\/\"],\"url\":\"https:\\\/\\\/relevantfilm.de\\\/?author=3\"}]}<\/script>\n<!-- \/ Yoast SEO plugin. -->","yoast_head_json":{"title":"Filmfest Ludwigshafen:  'Weihnachts\u00fcberraschungen' - Relevant Film","robots":{"index":"index","follow":"follow","max-snippet":"max-snippet:-1","max-image-preview":"max-image-preview:large","max-video-preview":"max-video-preview:-1"},"canonical":"https:\/\/relevantfilm.de\/?p=4050","og_locale":"de_DE","og_type":"article","og_title":"Filmfest Ludwigshafen:  'Weihnachts\u00fcberraschungen' - Relevant Film","og_description":"Wir freuen uns riesig, dass unsere Kom\u00f6die &#8218;Weihnachts\u00fcberraschungen&#8216; auf dem Festival des deutschen Films Ludwigshafen am Rhein seine Premiere feiern wird und f\u00fcr den Rheingold Publikumspreis nominiert ist! Die Vorf\u00fchrtermine auf der sch\u00f6nen Parkinsel stehen auch schon fest: Die Premiere findet am Mittwoch, 27. August um 17:30 Uhr im Zeltkino A statt. Weitere Vorf\u00fchtermine: Donnerstag, [&hellip;]","og_url":"https:\/\/relevantfilm.de\/?p=4050","og_site_name":"Relevant Film","article_published_time":"2025-07-15T14:33:24+00:00","article_modified_time":"2026-04-21T18:31:53+00:00","og_image":[{"width":2560,"height":1707,"url":"https:\/\/relevantfilm.de\/wp-content\/uploads\/2025\/07\/Weihnachtsueberaschhungen_Bild_26_1253-scaled.jpg","type":"image\/jpeg"}],"author":"Judica Schrammeck","twitter_card":"summary_large_image","twitter_misc":{"Verfasst von":"Judica Schrammeck","Gesch\u00e4tzte Lesezeit":"3\u00a0Minuten"},"schema":{"@context":"https:\/\/schema.org","@graph":[{"@type":"Article","@id":"https:\/\/relevantfilm.de\/?p=4050#article","isPartOf":{"@id":"https:\/\/relevantfilm.de\/?p=4050"},"author":{"name":"Judica Schrammeck","@id":"https:\/\/relevantfilm.de\/#\/schema\/person\/e958a283c85c399b0c52c732f5c60228"},"headline":"Filmfest Ludwigshafen: &#8218;Weihnachts\u00fcberraschungen&#8216;","datePublished":"2025-07-15T14:33:24+00:00","dateModified":"2026-04-21T18:31:53+00:00","mainEntityOfPage":{"@id":"https:\/\/relevantfilm.de\/?p=4050"},"wordCount":398,"image":{"@id":"https:\/\/relevantfilm.de\/?p=4050#primaryimage"},"thumbnailUrl":"https:\/\/relevantfilm.de\/wp-content\/uploads\/2025\/07\/Weihnachtsueberaschhungen_Bild_26_1253-scaled.jpg","articleSection":["Aktueller Film"],"inLanguage":"de"},{"@type":"WebPage","@id":"https:\/\/relevantfilm.de\/?p=4050","url":"https:\/\/relevantfilm.de\/?p=4050","name":"Filmfest Ludwigshafen: 'Weihnachts\u00fcberraschungen' - Relevant Film","isPartOf":{"@id":"https:\/\/relevantfilm.de\/#website"},"primaryImageOfPage":{"@id":"https:\/\/relevantfilm.de\/?p=4050#primaryimage"},"image":{"@id":"https:\/\/relevantfilm.de\/?p=4050#primaryimage"},"thumbnailUrl":"https:\/\/relevantfilm.de\/wp-content\/uploads\/2025\/07\/Weihnachtsueberaschhungen_Bild_26_1253-scaled.jpg","datePublished":"2025-07-15T14:33:24+00:00","dateModified":"2026-04-21T18:31:53+00:00","author":{"@id":"https:\/\/relevantfilm.de\/#\/schema\/person\/e958a283c85c399b0c52c732f5c60228"},"breadcrumb":{"@id":"https:\/\/relevantfilm.de\/?p=4050#breadcrumb"},"inLanguage":"de","potentialAction":[{"@type":"ReadAction","target":["https:\/\/relevantfilm.de\/?p=4050"]}]},{"@type":"ImageObject","inLanguage":"de","@id":"https:\/\/relevantfilm.de\/?p=4050#primaryimage","url":"https:\/\/relevantfilm.de\/wp-content\/uploads\/2025\/07\/Weihnachtsueberaschhungen_Bild_26_1253-scaled.jpg","contentUrl":"https:\/\/relevantfilm.de\/wp-content\/uploads\/2025\/07\/Weihnachtsueberaschhungen_Bild_26_1253-scaled.jpg","width":2560,"height":1707,"caption":"Nora Ritter (Morgane Ferru), Bent Bartels (Anton Spieker)"},{"@type":"BreadcrumbList","@id":"https:\/\/relevantfilm.de\/?p=4050#breadcrumb","itemListElement":[{"@type":"ListItem","position":1,"name":"Startseite","item":"https:\/\/relevantfilm.de\/"},{"@type":"ListItem","position":2,"name":"Filmfest Ludwigshafen: &#8218;Weihnachts\u00fcberraschungen&#8216;"}]},{"@type":"WebSite","@id":"https:\/\/relevantfilm.de\/#website","url":"https:\/\/relevantfilm.de\/","name":"Relevant Film","description":"Filmproduktion Hamburg","potentialAction":[{"@type":"SearchAction","target":{"@type":"EntryPoint","urlTemplate":"https:\/\/relevantfilm.de\/?s={search_term_string}"},"query-input":{"@type":"PropertyValueSpecification","valueRequired":true,"valueName":"search_term_string"}}],"inLanguage":"de"},{"@type":"Person","@id":"https:\/\/relevantfilm.de\/#\/schema\/person\/e958a283c85c399b0c52c732f5c60228","name":"Judica Schrammeck","image":{"@type":"ImageObject","inLanguage":"de","@id":"https:\/\/secure.gravatar.com\/avatar\/b19e9ce218a797f1052c4030b2e615bf8ee2784409b0cedc8c6e44506f5df67d?s=96&d=mm&r=g","url":"https:\/\/secure.gravatar.com\/avatar\/b19e9ce218a797f1052c4030b2e615bf8ee2784409b0cedc8c6e44506f5df67d?s=96&d=mm&r=g","contentUrl":"https:\/\/secure.gravatar.com\/avatar\/b19e9ce218a797f1052c4030b2e615bf8ee2784409b0cedc8c6e44506f5df67d?s=96&d=mm&r=g","caption":"Judica Schrammeck"},"sameAs":["https:\/\/relevantfilm.de\/"],"url":"https:\/\/relevantfilm.de\/?author=3"}]}},"_links":{"self":[{"href":"https:\/\/relevantfilm.de\/index.php?rest_route=\/wp\/v2\/posts\/4050","targetHints":{"allow":["GET"]}}],"collection":[{"href":"https:\/\/relevantfilm.de\/index.php?rest_route=\/wp\/v2\/posts"}],"about":[{"href":"https:\/\/relevantfilm.de\/index.php?rest_route=\/wp\/v2\/types\/post"}],"author":[{"embeddable":true,"href":"https:\/\/relevantfilm.de\/index.php?rest_route=\/wp\/v2\/users\/3"}],"replies":[{"embeddable":true,"href":"https:\/\/relevantfilm.de\/index.php?rest_route=%2Fwp%2Fv2%2Fcomments&post=4050"}],"version-history":[{"count":14,"href":"https:\/\/relevantfilm.de\/index.php?rest_route=\/wp\/v2\/posts\/4050\/revisions"}],"predecessor-version":[{"id":4082,"href":"https:\/\/relevantfilm.de\/index.php?rest_route=\/wp\/v2\/posts\/4050\/revisions\/4082"}],"wp:featuredmedia":[{"embeddable":true,"href":"https:\/\/relevantfilm.de\/index.php?rest_route=\/wp\/v2\/media\/4020"}],"wp:attachment":[{"href":"https:\/\/relevantfilm.de\/index.php?rest_route=%2Fwp%2Fv2%2Fmedia&parent=4050"}],"wp:term":[{"taxonomy":"category","embeddable":true,"href":"https:\/\/relevantfilm.de\/index.php?rest_route=%2Fwp%2Fv2%2Fcategories&post=4050"},{"taxonomy":"post_tag","embeddable":true,"href":"https:\/\/relevantfilm.de\/index.php?rest_route=%2Fwp%2Fv2%2Ftags&post=4050"},{"taxonomy":"post_flag","embeddable":true,"href":"https:\/\/relevantfilm.de\/index.php?rest_route=%2Fwp%2Fv2%2Fpost_flags&post=4050"}],"curies":[{"name":"wp","href":"https:\/\/api.w.org\/{rel}","templated":true}]}}