{"id":4107,"date":"2025-08-14T14:51:33","date_gmt":"2025-08-14T12:51:33","guid":{"rendered":"https:\/\/relevantfilm.de\/?p=4107"},"modified":"2026-04-21T20:31:53","modified_gmt":"2026-04-21T18:31:53","slug":"der-deutsche-fernsehpreis-2025-drei-nominierungen-fuer-wer-ohne-schuld-ist","status":"publish","type":"post","link":"https:\/\/relevantfilm.de\/?p=4107","title":{"rendered":"Der Deutsche Fernsehpreis 2025: Drei Nominierungen f\u00fcr &#8218;Wer ohne Schuld ist&#8216;"},"content":{"rendered":"\n<p><\/p>\n\n\n\n<p><strong>Am Mittwoch, 10. September 2025 wird in K\u00f6ln zum 26. Mal der von ARD, RTL, SAT.1, ZDF und MagentaTV gestiftete Deutsche Fernsehpreis verliehen. <\/strong><\/p>\n\n\n\n<p>Nach unserer Weltpremiere auf dem Filmfest M\u00fcnchen mit Nominierung zum Bernd Burgemeister Preis 2024, zwei Nominierungen zum Deutschen Kamerapreis (Kamera und Schnitt) und der erfolgreichen und vielbeachteten Erstausstrahlung in der ARD im Oktober 2024 freuen wir uns nun riesig,  dass die Jury &#8218;Wer ohne Schuld ist&#8216; in der <strong>Kategorie Bester Fernsehfilm\/Mehrteiler<\/strong> nominiert hat.<\/p>\n\n\n\n<p>Nominiert ist unser Film gleich dreimal: f\u00fcr <strong>Beste Hauptdarstellerin <\/strong>\/ <strong>Lou Strenger<\/strong> und <strong>Bester Hauptdarsteller<\/strong> \/ <strong>Aaron Hilmer<\/strong> und <strong>Bester Fernsehfilm<\/strong>.<\/p>\n\n\n\n<figure class=\"wp-block-image size-large is-resized\"><img loading=\"lazy\" decoding=\"async\" width=\"726\" height=\"1024\" src=\"https:\/\/relevantfilm.de\/wp-content\/uploads\/2024\/05\/WOSI_Plakat_170423-726x1024.jpg\" alt=\"\" class=\"wp-image-3303\" style=\"width:551px;height:auto\" srcset=\"https:\/\/relevantfilm.de\/wp-content\/uploads\/2024\/05\/WOSI_Plakat_170423-726x1024.jpg 726w, https:\/\/relevantfilm.de\/wp-content\/uploads\/2024\/05\/WOSI_Plakat_170423-213x300.jpg 213w, https:\/\/relevantfilm.de\/wp-content\/uploads\/2024\/05\/WOSI_Plakat_170423-768x1083.jpg 768w, https:\/\/relevantfilm.de\/wp-content\/uploads\/2024\/05\/WOSI_Plakat_170423-1090x1536.jpg 1090w, https:\/\/relevantfilm.de\/wp-content\/uploads\/2024\/05\/WOSI_Plakat_170423-1453x2048.jpg 1453w, https:\/\/relevantfilm.de\/wp-content\/uploads\/2024\/05\/WOSI_Plakat_170423.jpg 1772w\" sizes=\"(max-width: 726px) 100vw, 726px\" \/><\/figure>\n\n\n\n<p>\u00dcber die Preistr\u00e4ger:innen entscheidet die Jury erst unmittelbar vor der Verleihung. Wir dr\u00fccken insbesondere unserer gro\u00dfartigen Haupdarsteller*innen Lou und Aaron schon jetzt herzlichst die Daumen!<\/p>\n\n\n\n<p>Mehr Informationen zum Film: <a href=\"https:\/\/relevantfilm.de\/?movie=wer-ohne-schuld-ist\">Filmseite<\/a><\/p>\n\n\n\n<p><\/p>\n\n\n\n<p class=\"has-small-font-size\">Bildnachweis | Wer ohne Schuld ist \u00a9 Anita Kr\u00e4mer, Relevant Film, SWR<\/p>\n","protected":false},"excerpt":{"rendered":"<p>Am Mittwoch, 10. September 2025 wird in K\u00f6ln zum 26. Mal der von ARD, RTL, SAT.1, ZDF und MagentaTV gestiftete Deutsche Fernsehpreis verliehen. Nach unserer Weltpremiere auf dem Filmfest M\u00fcnchen mit Nominierung zum Bernd Burgemeister Preis 2024, zwei Nominierungen zum Deutschen Kamerapreis (Kamera und Schnitt) und der erfolgreichen und vielbeachteten Erstausstrahlung in der ARD im [&hellip;]<\/p>\n","protected":false},"author":3,"featured_media":3429,"comment_status":"closed","ping_status":"closed","sticky":false,"template":"","format":"standard","meta":{"_acf_changed":false,"footnotes":""},"categories":[1,19,23],"tags":[],"post_flags":[34],"class_list":["post-4107","post","type-post","status-publish","format-standard","has-post-thumbnail","hentry","category-uncategorized","category-preise-und-auszeichnungen","category-aktueller-film","post_flag-startseite-05"],"acf":[],"yoast_head":"<!-- This site is optimized with the Yoast SEO plugin v27.5 - https:\/\/yoast.com\/product\/yoast-seo-wordpress\/ -->\n<title>Der Deutsche Fernsehpreis 2025: Drei Nominierungen f\u00fcr &#039;Wer ohne Schuld ist&#039; - Relevant Film<\/title>\n<meta name=\"robots\" content=\"index, follow, max-snippet:-1, max-image-preview:large, max-video-preview:-1\" \/>\n<link rel=\"canonical\" href=\"https:\/\/relevantfilm.de\/?p=4107\" \/>\n<meta property=\"og:locale\" content=\"de_DE\" \/>\n<meta property=\"og:type\" content=\"article\" \/>\n<meta property=\"og:title\" content=\"Der Deutsche Fernsehpreis 2025: Drei Nominierungen f\u00fcr &#039;Wer ohne Schuld ist&#039; - Relevant Film\" \/>\n<meta property=\"og:description\" content=\"Am Mittwoch, 10. September 2025 wird in K\u00f6ln zum 26. Mal der von ARD, RTL, SAT.1, ZDF und MagentaTV gestiftete Deutsche Fernsehpreis verliehen. Nach unserer Weltpremiere auf dem Filmfest M\u00fcnchen mit Nominierung zum Bernd Burgemeister Preis 2024, zwei Nominierungen zum Deutschen Kamerapreis (Kamera und Schnitt) und der erfolgreichen und vielbeachteten Erstausstrahlung in der ARD im [&hellip;]\" \/>\n<meta property=\"og:url\" content=\"https:\/\/relevantfilm.de\/?p=4107\" \/>\n<meta property=\"og:site_name\" content=\"Relevant Film\" \/>\n<meta property=\"article:published_time\" content=\"2025-08-14T12:51:33+00:00\" \/>\n<meta property=\"article:modified_time\" content=\"2026-04-21T18:31:53+00:00\" \/>\n<meta property=\"og:image\" content=\"https:\/\/relevantfilm.de\/wp-content\/uploads\/2024\/10\/backdrop-premium-16-7-scaled.jpg\" \/>\n\t<meta property=\"og:image:width\" content=\"2560\" \/>\n\t<meta property=\"og:image:height\" content=\"1120\" \/>\n\t<meta property=\"og:image:type\" content=\"image\/jpeg\" \/>\n<meta name=\"author\" content=\"Judica Schrammeck\" \/>\n<meta name=\"twitter:card\" content=\"summary_large_image\" \/>\n<meta name=\"twitter:label1\" content=\"Verfasst von\" \/>\n\t<meta name=\"twitter:data1\" content=\"Judica Schrammeck\" \/>\n\t<meta name=\"twitter:label2\" content=\"Gesch\u00e4tzte Lesezeit\" \/>\n\t<meta name=\"twitter:data2\" content=\"2\u00a0Minuten\" \/>\n<script type=\"application\/ld+json\" class=\"yoast-schema-graph\">{\"@context\":\"https:\\\/\\\/schema.org\",\"@graph\":[{\"@type\":\"Article\",\"@id\":\"https:\\\/\\\/relevantfilm.de\\\/?p=4107#article\",\"isPartOf\":{\"@id\":\"https:\\\/\\\/relevantfilm.de\\\/?p=4107\"},\"author\":{\"name\":\"Judica Schrammeck\",\"@id\":\"https:\\\/\\\/relevantfilm.de\\\/#\\\/schema\\\/person\\\/e958a283c85c399b0c52c732f5c60228\"},\"headline\":\"Der Deutsche Fernsehpreis 2025: Drei Nominierungen f\u00fcr &#8218;Wer ohne Schuld ist&#8216;\",\"datePublished\":\"2025-08-14T12:51:33+00:00\",\"dateModified\":\"2026-04-21T18:31:53+00:00\",\"mainEntityOfPage\":{\"@id\":\"https:\\\/\\\/relevantfilm.de\\\/?p=4107\"},\"wordCount\":151,\"image\":{\"@id\":\"https:\\\/\\\/relevantfilm.de\\\/?p=4107#primaryimage\"},\"thumbnailUrl\":\"https:\\\/\\\/relevantfilm.de\\\/wp-content\\\/uploads\\\/2024\\\/10\\\/backdrop-premium-16-7-scaled.jpg\",\"articleSection\":[\"Uncategorized\",\"Preise und Auszeichnungen\",\"Aktueller Film\"],\"inLanguage\":\"de\"},{\"@type\":\"WebPage\",\"@id\":\"https:\\\/\\\/relevantfilm.de\\\/?p=4107\",\"url\":\"https:\\\/\\\/relevantfilm.de\\\/?p=4107\",\"name\":\"Der Deutsche Fernsehpreis 2025: Drei Nominierungen f\u00fcr 'Wer ohne Schuld ist' - Relevant Film\",\"isPartOf\":{\"@id\":\"https:\\\/\\\/relevantfilm.de\\\/#website\"},\"primaryImageOfPage\":{\"@id\":\"https:\\\/\\\/relevantfilm.de\\\/?p=4107#primaryimage\"},\"image\":{\"@id\":\"https:\\\/\\\/relevantfilm.de\\\/?p=4107#primaryimage\"},\"thumbnailUrl\":\"https:\\\/\\\/relevantfilm.de\\\/wp-content\\\/uploads\\\/2024\\\/10\\\/backdrop-premium-16-7-scaled.jpg\",\"datePublished\":\"2025-08-14T12:51:33+00:00\",\"dateModified\":\"2026-04-21T18:31:53+00:00\",\"author\":{\"@id\":\"https:\\\/\\\/relevantfilm.de\\\/#\\\/schema\\\/person\\\/e958a283c85c399b0c52c732f5c60228\"},\"breadcrumb\":{\"@id\":\"https:\\\/\\\/relevantfilm.de\\\/?p=4107#breadcrumb\"},\"inLanguage\":\"de\",\"potentialAction\":[{\"@type\":\"ReadAction\",\"target\":[\"https:\\\/\\\/relevantfilm.de\\\/?p=4107\"]}]},{\"@type\":\"ImageObject\",\"inLanguage\":\"de\",\"@id\":\"https:\\\/\\\/relevantfilm.de\\\/?p=4107#primaryimage\",\"url\":\"https:\\\/\\\/relevantfilm.de\\\/wp-content\\\/uploads\\\/2024\\\/10\\\/backdrop-premium-16-7-scaled.jpg\",\"contentUrl\":\"https:\\\/\\\/relevantfilm.de\\\/wp-content\\\/uploads\\\/2024\\\/10\\\/backdrop-premium-16-7-scaled.jpg\",\"width\":2560,\"height\":1120},{\"@type\":\"BreadcrumbList\",\"@id\":\"https:\\\/\\\/relevantfilm.de\\\/?p=4107#breadcrumb\",\"itemListElement\":[{\"@type\":\"ListItem\",\"position\":1,\"name\":\"Startseite\",\"item\":\"https:\\\/\\\/relevantfilm.de\\\/\"},{\"@type\":\"ListItem\",\"position\":2,\"name\":\"Der Deutsche Fernsehpreis 2025: Drei Nominierungen f\u00fcr &#8218;Wer ohne Schuld ist&#8216;\"}]},{\"@type\":\"WebSite\",\"@id\":\"https:\\\/\\\/relevantfilm.de\\\/#website\",\"url\":\"https:\\\/\\\/relevantfilm.de\\\/\",\"name\":\"Relevant Film\",\"description\":\"Filmproduktion Hamburg\",\"potentialAction\":[{\"@type\":\"SearchAction\",\"target\":{\"@type\":\"EntryPoint\",\"urlTemplate\":\"https:\\\/\\\/relevantfilm.de\\\/?s={search_term_string}\"},\"query-input\":{\"@type\":\"PropertyValueSpecification\",\"valueRequired\":true,\"valueName\":\"search_term_string\"}}],\"inLanguage\":\"de\"},{\"@type\":\"Person\",\"@id\":\"https:\\\/\\\/relevantfilm.de\\\/#\\\/schema\\\/person\\\/e958a283c85c399b0c52c732f5c60228\",\"name\":\"Judica Schrammeck\",\"image\":{\"@type\":\"ImageObject\",\"inLanguage\":\"de\",\"@id\":\"https:\\\/\\\/secure.gravatar.com\\\/avatar\\\/b19e9ce218a797f1052c4030b2e615bf8ee2784409b0cedc8c6e44506f5df67d?s=96&d=mm&r=g\",\"url\":\"https:\\\/\\\/secure.gravatar.com\\\/avatar\\\/b19e9ce218a797f1052c4030b2e615bf8ee2784409b0cedc8c6e44506f5df67d?s=96&d=mm&r=g\",\"contentUrl\":\"https:\\\/\\\/secure.gravatar.com\\\/avatar\\\/b19e9ce218a797f1052c4030b2e615bf8ee2784409b0cedc8c6e44506f5df67d?s=96&d=mm&r=g\",\"caption\":\"Judica Schrammeck\"},\"sameAs\":[\"https:\\\/\\\/relevantfilm.de\\\/\"],\"url\":\"https:\\\/\\\/relevantfilm.de\\\/?author=3\"}]}<\/script>\n<!-- \/ Yoast SEO plugin. -->","yoast_head_json":{"title":"Der Deutsche Fernsehpreis 2025: Drei Nominierungen f\u00fcr 'Wer ohne Schuld ist' - Relevant Film","robots":{"index":"index","follow":"follow","max-snippet":"max-snippet:-1","max-image-preview":"max-image-preview:large","max-video-preview":"max-video-preview:-1"},"canonical":"https:\/\/relevantfilm.de\/?p=4107","og_locale":"de_DE","og_type":"article","og_title":"Der Deutsche Fernsehpreis 2025: Drei Nominierungen f\u00fcr 'Wer ohne Schuld ist' - Relevant Film","og_description":"Am Mittwoch, 10. September 2025 wird in K\u00f6ln zum 26. Mal der von ARD, RTL, SAT.1, ZDF und MagentaTV gestiftete Deutsche Fernsehpreis verliehen. Nach unserer Weltpremiere auf dem Filmfest M\u00fcnchen mit Nominierung zum Bernd Burgemeister Preis 2024, zwei Nominierungen zum Deutschen Kamerapreis (Kamera und Schnitt) und der erfolgreichen und vielbeachteten Erstausstrahlung in der ARD im [&hellip;]","og_url":"https:\/\/relevantfilm.de\/?p=4107","og_site_name":"Relevant Film","article_published_time":"2025-08-14T12:51:33+00:00","article_modified_time":"2026-04-21T18:31:53+00:00","og_image":[{"width":2560,"height":1120,"url":"https:\/\/relevantfilm.de\/wp-content\/uploads\/2024\/10\/backdrop-premium-16-7-scaled.jpg","type":"image\/jpeg"}],"author":"Judica Schrammeck","twitter_card":"summary_large_image","twitter_misc":{"Verfasst von":"Judica Schrammeck","Gesch\u00e4tzte Lesezeit":"2\u00a0Minuten"},"schema":{"@context":"https:\/\/schema.org","@graph":[{"@type":"Article","@id":"https:\/\/relevantfilm.de\/?p=4107#article","isPartOf":{"@id":"https:\/\/relevantfilm.de\/?p=4107"},"author":{"name":"Judica Schrammeck","@id":"https:\/\/relevantfilm.de\/#\/schema\/person\/e958a283c85c399b0c52c732f5c60228"},"headline":"Der Deutsche Fernsehpreis 2025: Drei Nominierungen f\u00fcr &#8218;Wer ohne Schuld ist&#8216;","datePublished":"2025-08-14T12:51:33+00:00","dateModified":"2026-04-21T18:31:53+00:00","mainEntityOfPage":{"@id":"https:\/\/relevantfilm.de\/?p=4107"},"wordCount":151,"image":{"@id":"https:\/\/relevantfilm.de\/?p=4107#primaryimage"},"thumbnailUrl":"https:\/\/relevantfilm.de\/wp-content\/uploads\/2024\/10\/backdrop-premium-16-7-scaled.jpg","articleSection":["Uncategorized","Preise und Auszeichnungen","Aktueller Film"],"inLanguage":"de"},{"@type":"WebPage","@id":"https:\/\/relevantfilm.de\/?p=4107","url":"https:\/\/relevantfilm.de\/?p=4107","name":"Der Deutsche Fernsehpreis 2025: Drei Nominierungen f\u00fcr 'Wer ohne Schuld ist' - Relevant Film","isPartOf":{"@id":"https:\/\/relevantfilm.de\/#website"},"primaryImageOfPage":{"@id":"https:\/\/relevantfilm.de\/?p=4107#primaryimage"},"image":{"@id":"https:\/\/relevantfilm.de\/?p=4107#primaryimage"},"thumbnailUrl":"https:\/\/relevantfilm.de\/wp-content\/uploads\/2024\/10\/backdrop-premium-16-7-scaled.jpg","datePublished":"2025-08-14T12:51:33+00:00","dateModified":"2026-04-21T18:31:53+00:00","author":{"@id":"https:\/\/relevantfilm.de\/#\/schema\/person\/e958a283c85c399b0c52c732f5c60228"},"breadcrumb":{"@id":"https:\/\/relevantfilm.de\/?p=4107#breadcrumb"},"inLanguage":"de","potentialAction":[{"@type":"ReadAction","target":["https:\/\/relevantfilm.de\/?p=4107"]}]},{"@type":"ImageObject","inLanguage":"de","@id":"https:\/\/relevantfilm.de\/?p=4107#primaryimage","url":"https:\/\/relevantfilm.de\/wp-content\/uploads\/2024\/10\/backdrop-premium-16-7-scaled.jpg","contentUrl":"https:\/\/relevantfilm.de\/wp-content\/uploads\/2024\/10\/backdrop-premium-16-7-scaled.jpg","width":2560,"height":1120},{"@type":"BreadcrumbList","@id":"https:\/\/relevantfilm.de\/?p=4107#breadcrumb","itemListElement":[{"@type":"ListItem","position":1,"name":"Startseite","item":"https:\/\/relevantfilm.de\/"},{"@type":"ListItem","position":2,"name":"Der Deutsche Fernsehpreis 2025: Drei Nominierungen f\u00fcr &#8218;Wer ohne Schuld ist&#8216;"}]},{"@type":"WebSite","@id":"https:\/\/relevantfilm.de\/#website","url":"https:\/\/relevantfilm.de\/","name":"Relevant Film","description":"Filmproduktion Hamburg","potentialAction":[{"@type":"SearchAction","target":{"@type":"EntryPoint","urlTemplate":"https:\/\/relevantfilm.de\/?s={search_term_string}"},"query-input":{"@type":"PropertyValueSpecification","valueRequired":true,"valueName":"search_term_string"}}],"inLanguage":"de"},{"@type":"Person","@id":"https:\/\/relevantfilm.de\/#\/schema\/person\/e958a283c85c399b0c52c732f5c60228","name":"Judica Schrammeck","image":{"@type":"ImageObject","inLanguage":"de","@id":"https:\/\/secure.gravatar.com\/avatar\/b19e9ce218a797f1052c4030b2e615bf8ee2784409b0cedc8c6e44506f5df67d?s=96&d=mm&r=g","url":"https:\/\/secure.gravatar.com\/avatar\/b19e9ce218a797f1052c4030b2e615bf8ee2784409b0cedc8c6e44506f5df67d?s=96&d=mm&r=g","contentUrl":"https:\/\/secure.gravatar.com\/avatar\/b19e9ce218a797f1052c4030b2e615bf8ee2784409b0cedc8c6e44506f5df67d?s=96&d=mm&r=g","caption":"Judica Schrammeck"},"sameAs":["https:\/\/relevantfilm.de\/"],"url":"https:\/\/relevantfilm.de\/?author=3"}]}},"_links":{"self":[{"href":"https:\/\/relevantfilm.de\/index.php?rest_route=\/wp\/v2\/posts\/4107","targetHints":{"allow":["GET"]}}],"collection":[{"href":"https:\/\/relevantfilm.de\/index.php?rest_route=\/wp\/v2\/posts"}],"about":[{"href":"https:\/\/relevantfilm.de\/index.php?rest_route=\/wp\/v2\/types\/post"}],"author":[{"embeddable":true,"href":"https:\/\/relevantfilm.de\/index.php?rest_route=\/wp\/v2\/users\/3"}],"replies":[{"embeddable":true,"href":"https:\/\/relevantfilm.de\/index.php?rest_route=%2Fwp%2Fv2%2Fcomments&post=4107"}],"version-history":[{"count":11,"href":"https:\/\/relevantfilm.de\/index.php?rest_route=\/wp\/v2\/posts\/4107\/revisions"}],"predecessor-version":[{"id":4324,"href":"https:\/\/relevantfilm.de\/index.php?rest_route=\/wp\/v2\/posts\/4107\/revisions\/4324"}],"wp:featuredmedia":[{"embeddable":true,"href":"https:\/\/relevantfilm.de\/index.php?rest_route=\/wp\/v2\/media\/3429"}],"wp:attachment":[{"href":"https:\/\/relevantfilm.de\/index.php?rest_route=%2Fwp%2Fv2%2Fmedia&parent=4107"}],"wp:term":[{"taxonomy":"category","embeddable":true,"href":"https:\/\/relevantfilm.de\/index.php?rest_route=%2Fwp%2Fv2%2Fcategories&post=4107"},{"taxonomy":"post_tag","embeddable":true,"href":"https:\/\/relevantfilm.de\/index.php?rest_route=%2Fwp%2Fv2%2Ftags&post=4107"},{"taxonomy":"post_flag","embeddable":true,"href":"https:\/\/relevantfilm.de\/index.php?rest_route=%2Fwp%2Fv2%2Fpost_flags&post=4107"}],"curies":[{"name":"wp","href":"https:\/\/api.w.org\/{rel}","templated":true}]}}