{"id":4497,"date":"2026-09-03T10:11:31","date_gmt":"2026-09-03T08:11:31","guid":{"rendered":"https:\/\/relevantfilm.de\/?p=4497"},"modified":"2026-09-03T12:23:03","modified_gmt":"2026-09-03T10:23:03","slug":"das-verschwundene-kind-tv-premiere-am-montag-19-oktober-im-zdf","status":"publish","type":"post","link":"https:\/\/relevantfilm.de\/?p=4497","title":{"rendered":"&#8218;Das verschwundene Kind&#8216;: TV-PREMIERE am Montag, 19. Oktober im ZDF"},"content":{"rendered":"\n<blockquote class=\"wp-block-quote is-layout-flow wp-block-quote-is-layout-flow\">\n<h4 class=\"wp-block-heading\"><strong>Ein verschwundenes Kind. Ein lange geh\u00fctetes Geheimnis. Und eine Suche, die alles ver\u00e4ndert.<\/strong><\/h4>\n<\/blockquote>\n\n\n\n<p class=\"wp-block-paragraph\">In den idyllischen Elbauen im Wendland teilen zwei Familien Haus und Hof \u2013 doch die einst enge Freundschaft zeigt l\u00e4ngst Risse. Als der zw\u00f6lfj\u00e4hrige Aaron verschwindet, ger\u00e4t das Leben aller aus den Fugen. Die gemeinsame Suche f\u00f6rdert ein schambesetztes Geheimnis zutage, das die vier Freunde ihren Kindern lieber verschwiegen h\u00e4tten.<\/p>\n\n\n\n<figure class=\"wp-block-image size-large\"><img loading=\"lazy\" decoding=\"async\" width=\"1024\" height=\"512\" src=\"https:\/\/relevantfilm.de\/wp-content\/uploads\/2026\/09\/Email-Abbinder-TV-Premiere1-1024x512.png\" alt=\"\" class=\"wp-image-4500\" srcset=\"https:\/\/relevantfilm.de\/wp-content\/uploads\/2026\/09\/Email-Abbinder-TV-Premiere1-1024x512.png 1024w, https:\/\/relevantfilm.de\/wp-content\/uploads\/2026\/09\/Email-Abbinder-TV-Premiere1-300x150.png 300w, https:\/\/relevantfilm.de\/wp-content\/uploads\/2026\/09\/Email-Abbinder-TV-Premiere1-768x384.png 768w, https:\/\/relevantfilm.de\/wp-content\/uploads\/2026\/09\/Email-Abbinder-TV-Premiere1-1536x768.png 1536w, https:\/\/relevantfilm.de\/wp-content\/uploads\/2026\/09\/Email-Abbinder-TV-Premiere1-2048x1024.png 2048w\" sizes=\"(max-width: 1024px) 100vw, 1024px\" \/><\/figure>\n\n\n\n<p class=\"wp-block-paragraph\">Nach Motiven des Romans \u201eUnter Wasser Nacht\u201c von <strong>Kristina Hauff<\/strong> erz\u00e4hlt der Film von einer Familienutopie, die an alten Konflikten, L\u00fcgen und verdr\u00e4ngter Schuld zerbricht. Drehbuchautorin <strong>Silke Zertz<\/strong> verdichtet die Vorlage zu einem packenden Familiendrama, das Regisseurin <strong>Sabine Bernardi<\/strong> mit gro\u00dfer Sensibilit\u00e4t inszeniert. Mit <strong>Anna Schudt<\/strong>, <strong>Julia Koschitz<\/strong>, <strong>Mark Waschke<\/strong> und <strong>Hans L\u00f6w<\/strong> ist der Film hochkar\u00e4tig besetzt.<\/p>\n\n\n\n<figure class=\"wp-block-gallery has-nested-images columns-default is-cropped wp-block-gallery-1 is-layout-flex wp-block-gallery-is-layout-flex\">\n<figure class=\"wp-block-image size-large\"><img loading=\"lazy\" decoding=\"async\" width=\"850\" height=\"567\" data-id=\"3740\" src=\"https:\/\/relevantfilm.de\/wp-content\/uploads\/2025\/02\/Das-verschwundene-Kind-J0A2766.jpg\" alt=\"\" class=\"wp-image-3740\" srcset=\"https:\/\/relevantfilm.de\/wp-content\/uploads\/2025\/02\/Das-verschwundene-Kind-J0A2766.jpg 850w, https:\/\/relevantfilm.de\/wp-content\/uploads\/2025\/02\/Das-verschwundene-Kind-J0A2766-300x200.jpg 300w, https:\/\/relevantfilm.de\/wp-content\/uploads\/2025\/02\/Das-verschwundene-Kind-J0A2766-768x512.jpg 768w\" sizes=\"(max-width: 850px) 100vw, 850px\" \/><\/figure>\n\n\n\n<figure class=\"wp-block-image size-large\"><img loading=\"lazy\" decoding=\"async\" width=\"850\" height=\"567\" data-id=\"3756\" src=\"https:\/\/relevantfilm.de\/wp-content\/uploads\/2025\/02\/Das-verschwundene-Kind-J0A7262.jpg\" alt=\"\" class=\"wp-image-3756\" srcset=\"https:\/\/relevantfilm.de\/wp-content\/uploads\/2025\/02\/Das-verschwundene-Kind-J0A7262.jpg 850w, https:\/\/relevantfilm.de\/wp-content\/uploads\/2025\/02\/Das-verschwundene-Kind-J0A7262-300x200.jpg 300w, https:\/\/relevantfilm.de\/wp-content\/uploads\/2025\/02\/Das-verschwundene-Kind-J0A7262-768x512.jpg 768w\" sizes=\"(max-width: 850px) 100vw, 850px\" \/><\/figure>\n<\/figure>\n\n\n\n<figure class=\"wp-block-gallery has-nested-images columns-default is-cropped wp-block-gallery-2 is-layout-flex wp-block-gallery-is-layout-flex\">\n<figure class=\"wp-block-image size-large\"><img loading=\"lazy\" decoding=\"async\" width=\"680\" height=\"454\" data-id=\"3950\" src=\"https:\/\/relevantfilm.de\/wp-content\/uploads\/2025\/05\/Das-verschwundene-Kind-J0A3157-Tg-9495-edited.jpg\" alt=\"\" class=\"wp-image-3950\" srcset=\"https:\/\/relevantfilm.de\/wp-content\/uploads\/2025\/05\/Das-verschwundene-Kind-J0A3157-Tg-9495-edited.jpg 680w, https:\/\/relevantfilm.de\/wp-content\/uploads\/2025\/05\/Das-verschwundene-Kind-J0A3157-Tg-9495-edited-300x200.jpg 300w\" sizes=\"(max-width: 680px) 100vw, 680px\" \/><\/figure>\n\n\n\n<figure class=\"wp-block-image size-full\"><img loading=\"lazy\" decoding=\"async\" width=\"2560\" height=\"1707\" data-id=\"3753\" src=\"https:\/\/relevantfilm.de\/wp-content\/uploads\/2025\/02\/Das-verschwundene-Kind-J0A3545-scaled.jpg\" alt=\"\" class=\"wp-image-3753\" srcset=\"https:\/\/relevantfilm.de\/wp-content\/uploads\/2025\/02\/Das-verschwundene-Kind-J0A3545-scaled.jpg 2560w, https:\/\/relevantfilm.de\/wp-content\/uploads\/2025\/02\/Das-verschwundene-Kind-J0A3545-300x200.jpg 300w, https:\/\/relevantfilm.de\/wp-content\/uploads\/2025\/02\/Das-verschwundene-Kind-J0A3545-1024x683.jpg 1024w, https:\/\/relevantfilm.de\/wp-content\/uploads\/2025\/02\/Das-verschwundene-Kind-J0A3545-768x512.jpg 768w, https:\/\/relevantfilm.de\/wp-content\/uploads\/2025\/02\/Das-verschwundene-Kind-J0A3545-1536x1024.jpg 1536w, https:\/\/relevantfilm.de\/wp-content\/uploads\/2025\/02\/Das-verschwundene-Kind-J0A3545-2048x1365.jpg 2048w\" sizes=\"(max-width: 2560px) 100vw, 2560px\" \/><\/figure>\n<\/figure>\n\n\n\n<p class=\"wp-block-paragraph\"><strong>Cast<\/strong><\/p>\n\n\n\n<p class=\"wp-block-paragraph\"><strong>Julia Koschitz<\/strong> | <strong>Mark Waschke<\/strong> | <strong>Anna Schudt<\/strong> | <strong>Hans L\u00f6w<\/strong> | <strong>Sammy Schrein<\/strong> | <strong>Jona Levin Nicolai<\/strong> | <strong>C\u00e4cilia Kirchner<\/strong> | <strong>Ulrike Johannson<\/strong> | <strong>Oliver T\u00f6rner<\/strong> | <strong>Petra Hartung<\/strong> | <strong>Jesse Hansen<\/strong> | <strong>Maju Margrit Sartorius<\/strong> | <strong>Harald Burmeister<\/strong> | <strong>Matthieu Svetchine<\/strong> | <strong>Apostolos Dulakis<\/strong> | <strong>Isa Can<\/strong> | <strong>Ben Kani |<\/strong> u.v.a.<\/p>\n\n\n\n<p class=\"wp-block-paragraph\"><strong>Team<\/strong><\/p>\n\n\n\n<p class=\"wp-block-paragraph\">Drehbuch <strong>Silke Zertz<\/strong> | Regie <strong>Sabine Bernardi<\/strong> | Casting <strong>Marion Haack<\/strong> | Bildgestaltung <strong>Moritz Schulthei\u00df<\/strong> | Szenenbild <strong>Jan Lasse Hartmann<\/strong> | Kost\u00fcm <strong>Astrid M\u00f6ldner<\/strong> | Maske <strong>Daniel Schr\u00f6der, Annette Schirmer<\/strong> | Licht <strong>Jens Mackeldey<\/strong> | Schnitt <strong>Nicola Undritz<\/strong> | Komponist <strong>Richard Ruzicka<\/strong> | Originalton <strong>Torsten T\u00f6bben<\/strong>, <strong>Vincent Richter<\/strong> | Mischung <strong>Arne Dammann<\/strong> | Produktionsleitung <strong>Peter Nawrotzki<\/strong> | Producerin <strong>Cecile Heisler-Zigulla<\/strong> | Redaktion <strong>Solveig Cornelisen<\/strong> | Produzentin <strong>Heike Wiehle-Timm<\/strong><\/p>\n\n\n\n<p class=\"wp-block-paragraph\"><strong>Produktion<\/strong><\/p>\n\n\n\n<ul class=\"wp-block-list\">\n<li>Eine Relevant Film Produktion im Auftrag des ZDF, 2025<\/li>\n\n\n\n<li>Erstausstrahlung: 19. Oktober 2026 im ZDF<\/li>\n<\/ul>\n\n\n\n<p class=\"wp-block-paragraph\">Mehr Informationen zum Film: <a href=\"https:\/\/relevantfilm.de\/?movie=das-verschwundene-kind\" target=\"_blank\" rel=\"noreferrer noopener\">Filmseite<\/a><\/p>\n\n\n\n<p class=\"has-small-font-size wp-block-paragraph\">Bildnachweis | \u201aDas verschwundene Kind\u2018 \u00a9 ZDF | Andrea Kueppers<\/p>\n\n\n\n<p class=\"wp-block-paragraph\"><\/p>\n","protected":false},"excerpt":{"rendered":"<p>Ein verschwundenes Kind. Ein lange geh\u00fctetes Geheimnis. Und eine Suche, die alles ver\u00e4ndert. In den idyllischen Elbauen im Wendland teilen zwei Familien Haus und Hof \u2013 doch die einst enge Freundschaft zeigt l\u00e4ngst Risse. Als der zw\u00f6lfj\u00e4hrige Aaron verschwindet, ger\u00e4t das Leben aller aus den Fugen. Die gemeinsame Suche f\u00f6rdert ein schambesetztes Geheimnis zutage, das [&hellip;]<\/p>\n","protected":false},"author":5,"featured_media":4542,"comment_status":"closed","ping_status":"closed","sticky":false,"template":"","format":"standard","meta":{"_acf_changed":false,"footnotes":""},"categories":[1],"tags":[50,69,71,72,73,74,75],"post_flags":[28],"class_list":["post-4497","post","type-post","status-publish","format-standard","has-post-thumbnail","hentry","category-uncategorized","tag-tv-premiere","tag-erstausstrahlung","tag-anna-schudt","tag-julia-koschitz","tag-mark-waschke","tag-hans-loew","tag-zdf","post_flag-startseite-01"],"acf":[],"yoast_head":"<!-- This site is optimized with the Yoast SEO plugin v28.4 - https:\/\/yoast.com\/product\/yoast-seo-wordpress\/ -->\n<title>&#039;Das verschwundene Kind&#039;: TV-PREMIERE am Montag, 19. Oktober im ZDF - Relevant Film<\/title>\n<meta name=\"robots\" content=\"index, follow, max-snippet:-1, max-image-preview:large, max-video-preview:-1\" \/>\n<link rel=\"canonical\" href=\"https:\/\/relevantfilm.de\/?p=4497\" \/>\n<meta property=\"og:locale\" content=\"de_DE\" \/>\n<meta property=\"og:type\" content=\"article\" \/>\n<meta property=\"og:title\" content=\"&#039;Das verschwundene Kind&#039;: TV-PREMIERE am Montag, 19. Oktober im ZDF - Relevant Film\" \/>\n<meta property=\"og:description\" content=\"Ein verschwundenes Kind. Ein lange geh\u00fctetes Geheimnis. Und eine Suche, die alles ver\u00e4ndert. In den idyllischen Elbauen im Wendland teilen zwei Familien Haus und Hof \u2013 doch die einst enge Freundschaft zeigt l\u00e4ngst Risse. Als der zw\u00f6lfj\u00e4hrige Aaron verschwindet, ger\u00e4t das Leben aller aus den Fugen. Die gemeinsame Suche f\u00f6rdert ein schambesetztes Geheimnis zutage, das [&hellip;]\" \/>\n<meta property=\"og:url\" content=\"https:\/\/relevantfilm.de\/?p=4497\" \/>\n<meta property=\"og:site_name\" content=\"Relevant Film\" \/>\n<meta property=\"article:published_time\" content=\"2026-09-03T08:11:31+00:00\" \/>\n<meta property=\"article:modified_time\" content=\"2026-09-03T10:23:03+00:00\" \/>\n<meta property=\"og:image\" content=\"https:\/\/relevantfilm.de\/wp-content\/uploads\/2026\/09\/Das-verschwundene-Kind-J0A3034-Keyvisual_LINKS-scaled-e1788430954919.jpg\" \/>\n\t<meta property=\"og:image:width\" content=\"1622\" \/>\n\t<meta property=\"og:image:height\" content=\"1100\" \/>\n\t<meta property=\"og:image:type\" content=\"image\/jpeg\" \/>\n<meta name=\"author\" content=\"Stefanie Gr\u00fcn\" \/>\n<meta name=\"twitter:card\" content=\"summary_large_image\" \/>\n<meta name=\"twitter:label1\" content=\"Verfasst von\" \/>\n\t<meta name=\"twitter:data1\" content=\"Stefanie Gr\u00fcn\" \/>\n\t<meta name=\"twitter:label2\" content=\"Gesch\u00e4tzte Lesezeit\" \/>\n\t<meta name=\"twitter:data2\" content=\"3\u00a0Minuten\" \/>\n<script type=\"application\/ld+json\" class=\"yoast-schema-graph\">{\"@context\":\"https:\\\/\\\/schema.org\",\"@graph\":[{\"@type\":\"Article\",\"@id\":\"https:\\\/\\\/relevantfilm.de\\\/?p=4497#article\",\"isPartOf\":{\"@id\":\"https:\\\/\\\/relevantfilm.de\\\/?p=4497\"},\"author\":{\"name\":\"Stefanie Gr\u00fcn\",\"@id\":\"https:\\\/\\\/relevantfilm.de\\\/#\\\/schema\\\/person\\\/03c4cc5d4ed65c157563ae5f94b68c36\"},\"headline\":\"&#8218;Das verschwundene Kind&#8216;: TV-PREMIERE am Montag, 19. Oktober im ZDF\",\"datePublished\":\"2026-09-03T08:11:31+00:00\",\"dateModified\":\"2026-09-03T10:23:03+00:00\",\"mainEntityOfPage\":{\"@id\":\"https:\\\/\\\/relevantfilm.de\\\/?p=4497\"},\"wordCount\":270,\"image\":{\"@id\":\"https:\\\/\\\/relevantfilm.de\\\/?p=4497#primaryimage\"},\"thumbnailUrl\":\"https:\\\/\\\/relevantfilm.de\\\/wp-content\\\/uploads\\\/2026\\\/09\\\/Das-verschwundene-Kind-J0A3034-Keyvisual_LINKS-scaled-e1788430954919.jpg\",\"keywords\":[\"TV-Premiere\",\"Erstausstrahlung\",\"Anna Schudt\",\"Julia Koschitz\",\"Mark Waschke\",\"Hans L\u00f6w\",\"ZDF\"],\"articleSection\":[\"Uncategorized\"],\"inLanguage\":\"de\"},{\"@type\":\"WebPage\",\"@id\":\"https:\\\/\\\/relevantfilm.de\\\/?p=4497\",\"url\":\"https:\\\/\\\/relevantfilm.de\\\/?p=4497\",\"name\":\"'Das verschwundene Kind': TV-PREMIERE am Montag, 19. Oktober im ZDF - Relevant Film\",\"isPartOf\":{\"@id\":\"https:\\\/\\\/relevantfilm.de\\\/#website\"},\"primaryImageOfPage\":{\"@id\":\"https:\\\/\\\/relevantfilm.de\\\/?p=4497#primaryimage\"},\"image\":{\"@id\":\"https:\\\/\\\/relevantfilm.de\\\/?p=4497#primaryimage\"},\"thumbnailUrl\":\"https:\\\/\\\/relevantfilm.de\\\/wp-content\\\/uploads\\\/2026\\\/09\\\/Das-verschwundene-Kind-J0A3034-Keyvisual_LINKS-scaled-e1788430954919.jpg\",\"datePublished\":\"2026-09-03T08:11:31+00:00\",\"dateModified\":\"2026-09-03T10:23:03+00:00\",\"author\":{\"@id\":\"https:\\\/\\\/relevantfilm.de\\\/#\\\/schema\\\/person\\\/03c4cc5d4ed65c157563ae5f94b68c36\"},\"breadcrumb\":{\"@id\":\"https:\\\/\\\/relevantfilm.de\\\/?p=4497#breadcrumb\"},\"inLanguage\":\"de\",\"potentialAction\":[{\"@type\":\"ReadAction\",\"target\":[\"https:\\\/\\\/relevantfilm.de\\\/?p=4497\"]}]},{\"@type\":\"ImageObject\",\"inLanguage\":\"de\",\"@id\":\"https:\\\/\\\/relevantfilm.de\\\/?p=4497#primaryimage\",\"url\":\"https:\\\/\\\/relevantfilm.de\\\/wp-content\\\/uploads\\\/2026\\\/09\\\/Das-verschwundene-Kind-J0A3034-Keyvisual_LINKS-scaled-e1788430954919.jpg\",\"contentUrl\":\"https:\\\/\\\/relevantfilm.de\\\/wp-content\\\/uploads\\\/2026\\\/09\\\/Das-verschwundene-Kind-J0A3034-Keyvisual_LINKS-scaled-e1788430954919.jpg\",\"width\":1622,\"height\":1100},{\"@type\":\"BreadcrumbList\",\"@id\":\"https:\\\/\\\/relevantfilm.de\\\/?p=4497#breadcrumb\",\"itemListElement\":[{\"@type\":\"ListItem\",\"position\":1,\"name\":\"Startseite\",\"item\":\"https:\\\/\\\/relevantfilm.de\\\/\"},{\"@type\":\"ListItem\",\"position\":2,\"name\":\"&#8218;Das verschwundene Kind&#8216;: TV-PREMIERE am Montag, 19. Oktober im ZDF\"}]},{\"@type\":\"WebSite\",\"@id\":\"https:\\\/\\\/relevantfilm.de\\\/#website\",\"url\":\"https:\\\/\\\/relevantfilm.de\\\/\",\"name\":\"Relevant Film\",\"description\":\"Filmproduktion Hamburg\",\"potentialAction\":[{\"@type\":\"SearchAction\",\"target\":{\"@type\":\"EntryPoint\",\"urlTemplate\":\"https:\\\/\\\/relevantfilm.de\\\/?s={search_term_string}\"},\"query-input\":{\"@type\":\"PropertyValueSpecification\",\"valueRequired\":true,\"valueName\":\"search_term_string\"}}],\"inLanguage\":\"de\"},{\"@type\":\"Person\",\"@id\":\"https:\\\/\\\/relevantfilm.de\\\/#\\\/schema\\\/person\\\/03c4cc5d4ed65c157563ae5f94b68c36\",\"name\":\"Stefanie Gr\u00fcn\",\"image\":{\"@type\":\"ImageObject\",\"inLanguage\":\"de\",\"@id\":\"https:\\\/\\\/secure.gravatar.com\\\/avatar\\\/335c84e259e657f8740a55365290d6c61ab1655ee9c11825441a282150230c4d?s=96&d=mm&r=g\",\"url\":\"https:\\\/\\\/secure.gravatar.com\\\/avatar\\\/335c84e259e657f8740a55365290d6c61ab1655ee9c11825441a282150230c4d?s=96&d=mm&r=g\",\"contentUrl\":\"https:\\\/\\\/secure.gravatar.com\\\/avatar\\\/335c84e259e657f8740a55365290d6c61ab1655ee9c11825441a282150230c4d?s=96&d=mm&r=g\",\"caption\":\"Stefanie Gr\u00fcn\"},\"url\":\"https:\\\/\\\/relevantfilm.de\\\/?author=5\"}]}<\/script>\n<!-- \/ Yoast SEO plugin. -->","yoast_head_json":{"title":"'Das verschwundene Kind': TV-PREMIERE am Montag, 19. Oktober im ZDF - Relevant Film","robots":{"index":"index","follow":"follow","max-snippet":"max-snippet:-1","max-image-preview":"max-image-preview:large","max-video-preview":"max-video-preview:-1"},"canonical":"https:\/\/relevantfilm.de\/?p=4497","og_locale":"de_DE","og_type":"article","og_title":"'Das verschwundene Kind': TV-PREMIERE am Montag, 19. Oktober im ZDF - Relevant Film","og_description":"Ein verschwundenes Kind. Ein lange geh\u00fctetes Geheimnis. Und eine Suche, die alles ver\u00e4ndert. In den idyllischen Elbauen im Wendland teilen zwei Familien Haus und Hof \u2013 doch die einst enge Freundschaft zeigt l\u00e4ngst Risse. Als der zw\u00f6lfj\u00e4hrige Aaron verschwindet, ger\u00e4t das Leben aller aus den Fugen. Die gemeinsame Suche f\u00f6rdert ein schambesetztes Geheimnis zutage, das [&hellip;]","og_url":"https:\/\/relevantfilm.de\/?p=4497","og_site_name":"Relevant Film","article_published_time":"2026-09-03T08:11:31+00:00","article_modified_time":"2026-09-03T10:23:03+00:00","og_image":[{"width":1622,"height":1100,"url":"https:\/\/relevantfilm.de\/wp-content\/uploads\/2026\/09\/Das-verschwundene-Kind-J0A3034-Keyvisual_LINKS-scaled-e1788430954919.jpg","type":"image\/jpeg"}],"author":"Stefanie Gr\u00fcn","twitter_card":"summary_large_image","twitter_misc":{"Verfasst von":"Stefanie Gr\u00fcn","Gesch\u00e4tzte Lesezeit":"3\u00a0Minuten"},"schema":{"@context":"https:\/\/schema.org","@graph":[{"@type":"Article","@id":"https:\/\/relevantfilm.de\/?p=4497#article","isPartOf":{"@id":"https:\/\/relevantfilm.de\/?p=4497"},"author":{"name":"Stefanie Gr\u00fcn","@id":"https:\/\/relevantfilm.de\/#\/schema\/person\/03c4cc5d4ed65c157563ae5f94b68c36"},"headline":"&#8218;Das verschwundene Kind&#8216;: TV-PREMIERE am Montag, 19. Oktober im ZDF","datePublished":"2026-09-03T08:11:31+00:00","dateModified":"2026-09-03T10:23:03+00:00","mainEntityOfPage":{"@id":"https:\/\/relevantfilm.de\/?p=4497"},"wordCount":270,"image":{"@id":"https:\/\/relevantfilm.de\/?p=4497#primaryimage"},"thumbnailUrl":"https:\/\/relevantfilm.de\/wp-content\/uploads\/2026\/09\/Das-verschwundene-Kind-J0A3034-Keyvisual_LINKS-scaled-e1788430954919.jpg","keywords":["TV-Premiere","Erstausstrahlung","Anna Schudt","Julia Koschitz","Mark Waschke","Hans L\u00f6w","ZDF"],"articleSection":["Uncategorized"],"inLanguage":"de"},{"@type":"WebPage","@id":"https:\/\/relevantfilm.de\/?p=4497","url":"https:\/\/relevantfilm.de\/?p=4497","name":"'Das verschwundene Kind': TV-PREMIERE am Montag, 19. Oktober im ZDF - Relevant Film","isPartOf":{"@id":"https:\/\/relevantfilm.de\/#website"},"primaryImageOfPage":{"@id":"https:\/\/relevantfilm.de\/?p=4497#primaryimage"},"image":{"@id":"https:\/\/relevantfilm.de\/?p=4497#primaryimage"},"thumbnailUrl":"https:\/\/relevantfilm.de\/wp-content\/uploads\/2026\/09\/Das-verschwundene-Kind-J0A3034-Keyvisual_LINKS-scaled-e1788430954919.jpg","datePublished":"2026-09-03T08:11:31+00:00","dateModified":"2026-09-03T10:23:03+00:00","author":{"@id":"https:\/\/relevantfilm.de\/#\/schema\/person\/03c4cc5d4ed65c157563ae5f94b68c36"},"breadcrumb":{"@id":"https:\/\/relevantfilm.de\/?p=4497#breadcrumb"},"inLanguage":"de","potentialAction":[{"@type":"ReadAction","target":["https:\/\/relevantfilm.de\/?p=4497"]}]},{"@type":"ImageObject","inLanguage":"de","@id":"https:\/\/relevantfilm.de\/?p=4497#primaryimage","url":"https:\/\/relevantfilm.de\/wp-content\/uploads\/2026\/09\/Das-verschwundene-Kind-J0A3034-Keyvisual_LINKS-scaled-e1788430954919.jpg","contentUrl":"https:\/\/relevantfilm.de\/wp-content\/uploads\/2026\/09\/Das-verschwundene-Kind-J0A3034-Keyvisual_LINKS-scaled-e1788430954919.jpg","width":1622,"height":1100},{"@type":"BreadcrumbList","@id":"https:\/\/relevantfilm.de\/?p=4497#breadcrumb","itemListElement":[{"@type":"ListItem","position":1,"name":"Startseite","item":"https:\/\/relevantfilm.de\/"},{"@type":"ListItem","position":2,"name":"&#8218;Das verschwundene Kind&#8216;: TV-PREMIERE am Montag, 19. Oktober im ZDF"}]},{"@type":"WebSite","@id":"https:\/\/relevantfilm.de\/#website","url":"https:\/\/relevantfilm.de\/","name":"Relevant Film","description":"Filmproduktion Hamburg","potentialAction":[{"@type":"SearchAction","target":{"@type":"EntryPoint","urlTemplate":"https:\/\/relevantfilm.de\/?s={search_term_string}"},"query-input":{"@type":"PropertyValueSpecification","valueRequired":true,"valueName":"search_term_string"}}],"inLanguage":"de"},{"@type":"Person","@id":"https:\/\/relevantfilm.de\/#\/schema\/person\/03c4cc5d4ed65c157563ae5f94b68c36","name":"Stefanie Gr\u00fcn","image":{"@type":"ImageObject","inLanguage":"de","@id":"https:\/\/secure.gravatar.com\/avatar\/335c84e259e657f8740a55365290d6c61ab1655ee9c11825441a282150230c4d?s=96&d=mm&r=g","url":"https:\/\/secure.gravatar.com\/avatar\/335c84e259e657f8740a55365290d6c61ab1655ee9c11825441a282150230c4d?s=96&d=mm&r=g","contentUrl":"https:\/\/secure.gravatar.com\/avatar\/335c84e259e657f8740a55365290d6c61ab1655ee9c11825441a282150230c4d?s=96&d=mm&r=g","caption":"Stefanie Gr\u00fcn"},"url":"https:\/\/relevantfilm.de\/?author=5"}]}},"_links":{"self":[{"href":"https:\/\/relevantfilm.de\/index.php?rest_route=\/wp\/v2\/posts\/4497","targetHints":{"allow":["GET"]}}],"collection":[{"href":"https:\/\/relevantfilm.de\/index.php?rest_route=\/wp\/v2\/posts"}],"about":[{"href":"https:\/\/relevantfilm.de\/index.php?rest_route=\/wp\/v2\/types\/post"}],"author":[{"embeddable":true,"href":"https:\/\/relevantfilm.de\/index.php?rest_route=\/wp\/v2\/users\/5"}],"replies":[{"embeddable":true,"href":"https:\/\/relevantfilm.de\/index.php?rest_route=%2Fwp%2Fv2%2Fcomments&post=4497"}],"version-history":[{"count":25,"href":"https:\/\/relevantfilm.de\/index.php?rest_route=\/wp\/v2\/posts\/4497\/revisions"}],"predecessor-version":[{"id":4548,"href":"https:\/\/relevantfilm.de\/index.php?rest_route=\/wp\/v2\/posts\/4497\/revisions\/4548"}],"wp:featuredmedia":[{"embeddable":true,"href":"https:\/\/relevantfilm.de\/index.php?rest_route=\/wp\/v2\/media\/4542"}],"wp:attachment":[{"href":"https:\/\/relevantfilm.de\/index.php?rest_route=%2Fwp%2Fv2%2Fmedia&parent=4497"}],"wp:term":[{"taxonomy":"category","embeddable":true,"href":"https:\/\/relevantfilm.de\/index.php?rest_route=%2Fwp%2Fv2%2Fcategories&post=4497"},{"taxonomy":"post_tag","embeddable":true,"href":"https:\/\/relevantfilm.de\/index.php?rest_route=%2Fwp%2Fv2%2Ftags&post=4497"},{"taxonomy":"post_flag","embeddable":true,"href":"https:\/\/relevantfilm.de\/index.php?rest_route=%2Fwp%2Fv2%2Fpost_flags&post=4497"}],"curies":[{"name":"wp","href":"https:\/\/api.w.org\/{rel}","templated":true}]}}